{"id":4,"name":"Carolina Rosa","url":"","description":"Jornalista, m\u00e3e solo e moradora do jardim Germ\u00e2nia, Cap\u00e3o Redondo, zona sul de SP. Formada em comunica\u00e7\u00e3o h\u00e1 7 anos, vem construindo seu caminho profissional nos movimentos sociais antirracistas, feministas e antiproibicionistas, pela vida e bem-viver. \u00c9 integrante do Manda Not\u00edcias desde agosto de 2024.","link":"https:\/\/jornalismo.mandanoticias.com.br\/index.php\/author\/carolina-rosa\/","slug":"carolina-rosa","avatar_urls":{"24":"https:\/\/secure.gravatar.com\/avatar\/08310c8587c2c793604c3883bbfd6bc137d70fbd778d3bf10ccc10f1ba9ed4a0?s=24&d=mm&r=g","48":"https:\/\/secure.gravatar.com\/avatar\/08310c8587c2c793604c3883bbfd6bc137d70fbd778d3bf10ccc10f1ba9ed4a0?s=48&d=mm&r=g","96":"https:\/\/secure.gravatar.com\/avatar\/08310c8587c2c793604c3883bbfd6bc137d70fbd778d3bf10ccc10f1ba9ed4a0?s=96&d=mm&r=g"},"meta":{"feedzy_import_tour":true,"feedzy_hide_action_message":false},"elementor_introduction":{"ai-get-started-announcement":true},"_links":{"self":[{"href":"https:\/\/jornalismo.mandanoticias.com.br\/index.php\/wp-json\/wp\/v2\/users\/4","targetHints":{"allow":["GET"]}}],"collection":[{"href":"https:\/\/jornalismo.mandanoticias.com.br\/index.php\/wp-json\/wp\/v2\/users"}]}}