{"id":993,"date":"2025-03-03T11:54:15","date_gmt":"2025-03-03T14:54:15","guid":{"rendered":"https:\/\/jornalismo.mandanoticias.com.br\/?p=993"},"modified":"2025-03-03T11:54:16","modified_gmt":"2025-03-03T14:54:16","slug":"oscar-de-melhor-filme-internacional-e-do-brasil","status":"publish","type":"post","link":"https:\/\/jornalismo.mandanoticias.com.br\/index.php\/2025\/03\/03\/oscar-de-melhor-filme-internacional-e-do-brasil\/","title":{"rendered":"Oscar de melhor filme internacional \u00e9 do Brasil"},"content":{"rendered":"\n<p><mark style=\"background-color:#9b51e0\" class=\"has-inline-color\">Cultura<\/mark><\/p>\n\n\n\n<figure class=\"wp-block-gallery has-nested-images columns-default is-cropped wp-block-gallery-1 is-layout-flex wp-block-gallery-is-layout-flex\">\n<figure class=\"wp-block-image size-large\"><img fetchpriority=\"high\" decoding=\"async\" width=\"1024\" height=\"682\" data-id=\"995\" src=\"https:\/\/jornalismo.mandanoticias.com.br\/wp-content\/uploads\/2025\/03\/Diretor-Walter-Salles-e-atores-Fernanda-Torres-e-Selton-Mello-1024x682.png\" alt=\"\" class=\"wp-image-995\" srcset=\"https:\/\/jornalismo.mandanoticias.com.br\/wp-content\/uploads\/2025\/03\/Diretor-Walter-Salles-e-atores-Fernanda-Torres-e-Selton-Mello-1024x682.png 1024w, https:\/\/jornalismo.mandanoticias.com.br\/wp-content\/uploads\/2025\/03\/Diretor-Walter-Salles-e-atores-Fernanda-Torres-e-Selton-Mello-300x200.png 300w, https:\/\/jornalismo.mandanoticias.com.br\/wp-content\/uploads\/2025\/03\/Diretor-Walter-Salles-e-atores-Fernanda-Torres-e-Selton-Mello-768x511.png 768w, https:\/\/jornalismo.mandanoticias.com.br\/wp-content\/uploads\/2025\/03\/Diretor-Walter-Salles-e-atores-Fernanda-Torres-e-Selton-Mello.png 1200w\" sizes=\"(max-width: 1024px) 100vw, 1024px\" \/><\/figure>\n<\/figure>\n\n\n\n<p class=\"has-text-align-right\"><sub><em>REUTERS\/Louisa Gouliamaki<\/em><\/sub><\/p>\n\n\n\n<p><em>Por Carolina Rosa<\/em><\/p>\n\n\n\n<p><\/p>\n\n\n\n<p>O filme brasileiro <em>&#8220;Ainda Estou Aqui&#8221;<\/em>, dirigido por Walter Salles, conquistou o pr\u00eamio de Melhor Filme Estrangeiro na cerim\u00f4nia do Oscar, realizada na noite deste domingo, 2 de mar\u00e7o. A produ\u00e7\u00e3o emocionou o p\u00fablico e a cr\u00edtica com sua narrativa sens\u00edvel e poderosa sobre, a vida de uma fam\u00edlia brasileira que sofreu com a ditadura militar e mesmo assim, optou por resistir e continuar a luta pela alegria e liberdade. O longa foi aclamado internacionalmente por sua representa\u00e7\u00e3o \u00fanica da cultura e dos desafios do Brasil.<\/p>\n\n\n\n<p>A vit\u00f3ria \u00e9 hist\u00f3rica para o cinema brasileiro, sendo o primeiro filme nacional a ganhar na categoria, destacando-se entre fortes concorrentes de todo o mundo. <em>&#8220;Ainda Estou Aqui&#8221;<\/em> n\u00e3o apenas \u00e9 um marco para o pa\u00eds, mas tamb\u00e9m abre portas para uma maior visibilidade do cinema latino-americano no cen\u00e1rio global.<\/p>\n\n\n\n<p>Walter Salles, em seu discurso, comentou se sentir honrado por estar representando o cinema brasileiro e dedicou o pr\u00eamio a Eunice Paiva, protagonista da narrativa da fam\u00edlia Paiva, contada no longa. \u201cEsse pr\u00eamio vai para a mulher que, depois de uma perda, sofrida por um regime autorit\u00e1rio, decidiu n\u00e3o se curvar e resistir\u201d, afirmou o cineasta.&nbsp;<\/p>\n\n\n\n<p>O diretor ainda usou sua fala para agradecer todo elenco e destacou a participa\u00e7\u00e3o das atrizes que protagonizaram o papel da Eunice Paiva no filme, \u201cO pr\u00eamio tamb\u00e9m \u00e9 para as duas mulheres extraordin\u00e1rias que deram vida a ela [Eunice], Fernanda Torres e Fernanda Montenegro\u201d e finalizou seu discurso agradecendo novamente.&nbsp;<\/p>\n\n\n\n<p>Em entrevista a m\u00eddia, Fernanda Torres, relatou a satisfa\u00e7\u00e3o de ser indicada e ganhar na categoria de Melhor Filme Estrangeiro, trazendo essa narrativa t\u00e3o importante para a hist\u00f3ria recente do Brasil, principalmente ganhando nos Estados Unidos. \u201cTodos sabemos que a ditadura no Brasil foi financiada pelos Estados Unidos e como o nosso povo sofreu com isso, ent\u00e3o estar aqui e ser premiado com essa hist\u00f3ria \u00e9 de fato um ganho para a nossa na\u00e7\u00e3o\u201d.&nbsp;<\/p>\n\n\n\n<p>O pr\u00eamio de Melhor Filme Estrangeiro \u00e9 um reflexo do crescente reconhecimento da produ\u00e7\u00e3o cinematogr\u00e1fica de diversas partes do mundo e reafirma o poder da s\u00e9tima arte como meio de di\u00e1logo cultural entre diferentes na\u00e7\u00f5es.<\/p>\n","protected":false},"excerpt":{"rendered":"<p>Cultura REUTERS\/Louisa Gouliamaki Por Carolina Rosa O filme brasileiro &#8220;Ainda Estou Aqui&#8221;, dirigido por Walter Salles, conquistou o pr\u00eamio de Melhor Filme Estrangeiro na cerim\u00f4nia do Oscar, realizada na noite deste domingo, 2 de mar\u00e7o. A produ\u00e7\u00e3o emocionou o p\u00fablico e a cr\u00edtica com sua narrativa sens\u00edvel e poderosa sobre, a vida de uma fam\u00edlia [&hellip;]<\/p>\n","protected":false},"author":4,"featured_media":995,"comment_status":"open","ping_status":"open","sticky":false,"template":"","format":"standard","meta":{"sb_editor_width":"","footnotes":""},"categories":[13,26],"tags":[],"class_list":["post-993","post","type-post","status-publish","format-standard","has-post-thumbnail","hentry","category-cultura","category-destaque"],"relative_dates":{"created":"1 ano ago","modified":"1 ano ago"},"_links":{"self":[{"href":"https:\/\/jornalismo.mandanoticias.com.br\/index.php\/wp-json\/wp\/v2\/posts\/993","targetHints":{"allow":["GET"]}}],"collection":[{"href":"https:\/\/jornalismo.mandanoticias.com.br\/index.php\/wp-json\/wp\/v2\/posts"}],"about":[{"href":"https:\/\/jornalismo.mandanoticias.com.br\/index.php\/wp-json\/wp\/v2\/types\/post"}],"author":[{"embeddable":true,"href":"https:\/\/jornalismo.mandanoticias.com.br\/index.php\/wp-json\/wp\/v2\/users\/4"}],"replies":[{"embeddable":true,"href":"https:\/\/jornalismo.mandanoticias.com.br\/index.php\/wp-json\/wp\/v2\/comments?post=993"}],"version-history":[{"count":1,"href":"https:\/\/jornalismo.mandanoticias.com.br\/index.php\/wp-json\/wp\/v2\/posts\/993\/revisions"}],"predecessor-version":[{"id":996,"href":"https:\/\/jornalismo.mandanoticias.com.br\/index.php\/wp-json\/wp\/v2\/posts\/993\/revisions\/996"}],"wp:featuredmedia":[{"embeddable":true,"href":"https:\/\/jornalismo.mandanoticias.com.br\/index.php\/wp-json\/wp\/v2\/media\/995"}],"wp:attachment":[{"href":"https:\/\/jornalismo.mandanoticias.com.br\/index.php\/wp-json\/wp\/v2\/media?parent=993"}],"wp:term":[{"taxonomy":"category","embeddable":true,"href":"https:\/\/jornalismo.mandanoticias.com.br\/index.php\/wp-json\/wp\/v2\/categories?post=993"},{"taxonomy":"post_tag","embeddable":true,"href":"https:\/\/jornalismo.mandanoticias.com.br\/index.php\/wp-json\/wp\/v2\/tags?post=993"}],"curies":[{"name":"wp","href":"https:\/\/api.w.org\/{rel}","templated":true}]}}