{"id":984,"date":"2025-02-26T18:04:31","date_gmt":"2025-02-26T21:04:31","guid":{"rendered":"https:\/\/jornalismo.mandanoticias.com.br\/?p=984"},"modified":"2025-02-26T18:35:16","modified_gmt":"2025-02-26T21:35:16","slug":"remedios-do-programa-farmacia-popular-passam-a-ser-distribuidos-gratuitamente","status":"publish","type":"post","link":"https:\/\/jornalismo.mandanoticias.com.br\/index.php\/2025\/02\/26\/remedios-do-programa-farmacia-popular-passam-a-ser-distribuidos-gratuitamente\/","title":{"rendered":"Rem\u00e9dios do programa Farm\u00e1cia Popular passam a ser distribu\u00eddos gratuitamente"},"content":{"rendered":"\n<p><em>Por Carolina Rosa<\/em><\/p>\n\n\n\n<figure class=\"wp-block-image size-full is-resized\"><img fetchpriority=\"high\" decoding=\"async\" width=\"960\" height=\"636\" src=\"https:\/\/jornalismo.mandanoticias.com.br\/wp-content\/uploads\/2025\/02\/Serializacao_de_medicamentos_exigira_mudancas_em_todo_o_setor_farmaceutico.jpg\" alt=\"\" class=\"wp-image-985\" style=\"width:793px;height:auto\" srcset=\"https:\/\/jornalismo.mandanoticias.com.br\/wp-content\/uploads\/2025\/02\/Serializacao_de_medicamentos_exigira_mudancas_em_todo_o_setor_farmaceutico.jpg 960w, https:\/\/jornalismo.mandanoticias.com.br\/wp-content\/uploads\/2025\/02\/Serializacao_de_medicamentos_exigira_mudancas_em_todo_o_setor_farmaceutico-300x199.jpg 300w, https:\/\/jornalismo.mandanoticias.com.br\/wp-content\/uploads\/2025\/02\/Serializacao_de_medicamentos_exigira_mudancas_em_todo_o_setor_farmaceutico-768x509.jpg 768w\" sizes=\"(max-width: 960px) 100vw, 960px\" \/><\/figure>\n\n\n\n<p class=\"has-text-align-right\"><sub><em>Foto:Guilherme Santos\/Sul21<\/em><\/sub><\/p>\n\n\n\n<p><\/p>\n\n\n\n<p>O programa <a href=\"https:\/\/www.gov.br\/saude\/pt-br\/composicao\/sectics\/farmacia-popular\">Farm\u00e1cia Popular<\/a>, passa a distribuir medicamentos e itens de higiene&nbsp; de forma gratuita em drogarias credenciadas. O Minist\u00e9rio da Sa\u00fade, fez um an\u00fancio nesta ter\u00e7a-feira (25), que foi refor\u00e7ado pelo presidente Luiz In\u00e1cio Lula da Silva, em um pronunciamento em rede nacional de TV e r\u00e1dio.&nbsp;<\/p>\n\n\n\n<figure class=\"wp-block-embed is-type-video is-provider-youtube wp-block-embed-youtube wp-embed-aspect-16-9 wp-has-aspect-ratio\"><div class=\"wp-block-embed__wrapper\">\n<iframe title=\"Pronunciamento - P\u00e9-De-Meia e Farm\u00e1cia Popular\" width=\"810\" height=\"456\" src=\"https:\/\/www.youtube.com\/embed\/dpd-QPmE43A?feature=oembed\" frameborder=\"0\" allow=\"accelerometer; autoplay; clipboard-write; encrypted-media; gyroscope; picture-in-picture; web-share\" referrerpolicy=\"strict-origin-when-cross-origin\" allowfullscreen><\/iframe>\n<\/div><\/figure>\n\n\n\n<p><\/p>\n\n\n\n<p>A proje\u00e7\u00e3o \u00e9 que essa medida favore\u00e7a mais de 1 milh\u00e3o de pessoas todos os anos no Brasil. Com a extens\u00e3o do programa, a lista de gratuidade oferecida pelo Farm\u00e1cia Popular aumenta, incluindo fraldas geri\u00e1tricas para o p\u00fablico contemplado, como idosos a partir de 60 anos ou pessoas com mobilidade reduzida. Medicamentos como dapagliflozina, muito utilizado no tratamento de diabetes, associado a doen\u00e7as cardiovasculares, tamb\u00e9m passar\u00e3o a ser distribu\u00eddos sem custo.&nbsp;<\/p>\n\n\n\n<p>\u201cQuem tem doen\u00e7as como diabetes, hipertens\u00e3o e asma vai poder tirar a sua medica\u00e7\u00e3o numa farm\u00e1cia conveniada apenas apresentando receita m\u00e9dica e seu documento de identidade\u201d, disse o presidente, lembrando a inclus\u00e3o de fraldas geri\u00e1tricas no programa.<\/p>\n\n\n\n<p>Em julho de 2024, o Minist\u00e9rio j\u00e1 havia noticiado um crescimento de at\u00e9 95% dos itens oferecidos pelo Farm\u00e1cia Popular com distribui\u00e7\u00e3o gratuita em farm\u00e1cias credenciadas.&nbsp;<\/p>\n\n\n\n<p><strong>Sobre o Programa<\/strong><\/p>\n\n\n\n<p>Atualmente, o programa Farm\u00e1cia Popular oferece 41 itens. Inicialmente, a distribui\u00e7\u00e3o gratuita inclu\u00eda apenas rem\u00e9dios para diabetes, hipertens\u00e3o, asma, osteoporose e anticoncepcionais. Para outros produtos, o Minist\u00e9rio da Sa\u00fade cobria at\u00e9 90% do valor de refer\u00eancia, com o restante sendo pago pelo cidad\u00e3o, conforme o pre\u00e7o praticado pela farm\u00e1cia.<\/p>\n\n\n\n<p>O programa abrange 12 tipos de tratamento, oferecendo medicamentos para hipertens\u00e3o, diabetes, asma, osteoporose, dislipidemia (colesterol elevado), rinite, doen\u00e7a de Parkinson, glaucoma, diabetes associada a doen\u00e7as cardiovasculares e anticoncep\u00e7\u00e3o. Tamb\u00e9m disponibiliza fraldas geri\u00e1tricas para pessoas com incontin\u00eancia e absorventes higi\u00eanicos para mulheres atendidas pelo Programa Dignidade Menstrual.<\/p>\n\n\n\n<p><strong>Como ser beneficiado&nbsp;<\/strong><\/p>\n\n\n\n<p>O programa \u00e9 um direito garantido a todos os cidad\u00e3os. Para a retirada de um dos 41 itens disponibilizados no Farm\u00e1cia Popular, o paciente deve se dirigir a uma drogaria credenciada, com a identifica\u00e7\u00e3o do programa, apresentando os seguintes documentos:&nbsp;<\/p>\n\n\n\n<ul class=\"wp-block-list\">\n<li>Documento oficial com foto e n\u00famero do CPF; podendo ser RG ou CNH;<\/li>\n\n\n\n<li>Receita m\u00e9dica dentro da validade; podendo ser do SUS ou de servi\u00e7os particulares.<\/li>\n<\/ul>\n\n\n\n<p>Para pacientes acamados e\/ou impossibilitados de ir pessoalmente, um representante legal pode procurar o ponto credenciado e apresentar os documentos:&nbsp;<\/p>\n\n\n\n<ul class=\"wp-block-list\">\n<li>Receita m\u00e9dica dentro do prazo de validade, do SUS e\/ou servi\u00e7os particulares;<\/li>\n\n\n\n<li>Documento oficial com foto e CPF do benefici\u00e1rio titular da receita ou documento de identidade que conste o n\u00famero do CPF, salvo menor de idade, que permite a apresenta\u00e7\u00e3o da certid\u00e3o de nascimento ou registro geral (RG)<\/li>\n<\/ul>\n\n\n\n<p>O programa Farm\u00e1cia Popular disponibilizou a lista completa de medicamentos e insumos, <a href=\"https:\/\/www.gov.br\/saude\/pt-br\/composicao\/sectics\/farmacia-popular\/arquivos\/elenco-de-medicamentos-e-insumos.pdf\"><strong>que pode ser conferida aqui<\/strong><\/a><strong>. <\/strong>Assim como a<a href=\"https:\/\/www.gov.br\/saude\/pt-br\/composicao\/sectics\/farmacia-popular\/arquivos\/farmacias_credenciadas_pfpb_atualizada.xlsx\/view\"><strong> lista de farm\u00e1cias e drogarias<\/strong><\/a> credenciadas ao programa.<\/p>\n","protected":false},"excerpt":{"rendered":"<p>Por Carolina Rosa Foto:Guilherme Santos\/Sul21 O programa Farm\u00e1cia Popular, passa a distribuir medicamentos e itens de higiene&nbsp; de forma gratuita em drogarias credenciadas. O Minist\u00e9rio da Sa\u00fade, fez um an\u00fancio nesta ter\u00e7a-feira (25), que foi refor\u00e7ado pelo presidente Luiz In\u00e1cio Lula da Silva, em um pronunciamento em rede nacional de TV e r\u00e1dio.&nbsp; A proje\u00e7\u00e3o [&hellip;]<\/p>\n","protected":false},"author":4,"featured_media":987,"comment_status":"open","ping_status":"open","sticky":false,"template":"","format":"standard","meta":{"sb_editor_width":"","footnotes":""},"categories":[26,14,31],"tags":[],"class_list":["post-984","post","type-post","status-publish","format-standard","has-post-thumbnail","hentry","category-destaque","category-direitos-humanos","category-saude"],"relative_dates":{"created":"1 ano ago","modified":"1 ano ago"},"_links":{"self":[{"href":"https:\/\/jornalismo.mandanoticias.com.br\/index.php\/wp-json\/wp\/v2\/posts\/984","targetHints":{"allow":["GET"]}}],"collection":[{"href":"https:\/\/jornalismo.mandanoticias.com.br\/index.php\/wp-json\/wp\/v2\/posts"}],"about":[{"href":"https:\/\/jornalismo.mandanoticias.com.br\/index.php\/wp-json\/wp\/v2\/types\/post"}],"author":[{"embeddable":true,"href":"https:\/\/jornalismo.mandanoticias.com.br\/index.php\/wp-json\/wp\/v2\/users\/4"}],"replies":[{"embeddable":true,"href":"https:\/\/jornalismo.mandanoticias.com.br\/index.php\/wp-json\/wp\/v2\/comments?post=984"}],"version-history":[{"count":3,"href":"https:\/\/jornalismo.mandanoticias.com.br\/index.php\/wp-json\/wp\/v2\/posts\/984\/revisions"}],"predecessor-version":[{"id":990,"href":"https:\/\/jornalismo.mandanoticias.com.br\/index.php\/wp-json\/wp\/v2\/posts\/984\/revisions\/990"}],"wp:featuredmedia":[{"embeddable":true,"href":"https:\/\/jornalismo.mandanoticias.com.br\/index.php\/wp-json\/wp\/v2\/media\/987"}],"wp:attachment":[{"href":"https:\/\/jornalismo.mandanoticias.com.br\/index.php\/wp-json\/wp\/v2\/media?parent=984"}],"wp:term":[{"taxonomy":"category","embeddable":true,"href":"https:\/\/jornalismo.mandanoticias.com.br\/index.php\/wp-json\/wp\/v2\/categories?post=984"},{"taxonomy":"post_tag","embeddable":true,"href":"https:\/\/jornalismo.mandanoticias.com.br\/index.php\/wp-json\/wp\/v2\/tags?post=984"}],"curies":[{"name":"wp","href":"https:\/\/api.w.org\/{rel}","templated":true}]}}