{"id":960,"date":"2025-02-17T14:51:17","date_gmt":"2025-02-17T17:51:17","guid":{"rendered":"https:\/\/jornalismo.mandanoticias.com.br\/?p=960"},"modified":"2025-02-21T16:47:46","modified_gmt":"2025-02-21T19:47:46","slug":"defesa-civil-emite-novo-alerta-sobre-a-onda-de-calor-em-sao-paulo","status":"publish","type":"post","link":"https:\/\/jornalismo.mandanoticias.com.br\/index.php\/2025\/02\/17\/defesa-civil-emite-novo-alerta-sobre-a-onda-de-calor-em-sao-paulo\/","title":{"rendered":"Clima: Defesa Civil emite novo alerta sobre a onda de calor em S\u00e3o Paulo"},"content":{"rendered":"\n<p><mark style=\"background-color:#7bdcb5\" class=\"has-inline-color\">Sa\u00fade<\/mark><\/p>\n\n\n\n<figure class=\"wp-block-image size-full\"><img fetchpriority=\"high\" decoding=\"async\" width=\"1170\" height=\"700\" src=\"https:\/\/jornalismo.mandanoticias.com.br\/wp-content\/uploads\/2025\/02\/calor_e_sp_10.webp\" alt=\"\" class=\"wp-image-964\" srcset=\"https:\/\/jornalismo.mandanoticias.com.br\/wp-content\/uploads\/2025\/02\/calor_e_sp_10.webp 1170w, https:\/\/jornalismo.mandanoticias.com.br\/wp-content\/uploads\/2025\/02\/calor_e_sp_10-300x179.webp 300w, https:\/\/jornalismo.mandanoticias.com.br\/wp-content\/uploads\/2025\/02\/calor_e_sp_10-1024x613.webp 1024w, https:\/\/jornalismo.mandanoticias.com.br\/wp-content\/uploads\/2025\/02\/calor_e_sp_10-768x459.webp 768w\" sizes=\"(max-width: 1170px) 100vw, 1170px\" \/><\/figure>\n\n\n\n<p class=\"has-text-align-right\">\u00a0Foto: Paulo Pinto\/ Ag\u00eancia Brasil<\/p>\n\n\n\n<p><em>Por: Carolina Rosa&nbsp;<\/em><\/p>\n\n\n\n<p>A Defesa Civil de S\u00e3o Paulo emitiu um alerta neste domingo (16), sobre a onda de calor que deve atingir o estado nos pr\u00f3ximos dias. As temperaturas podem chegar a 38\u00b0C em algumas regi\u00f5es, intensificando a sensa\u00e7\u00e3o t\u00e9rmica, especialmente nas periferias, onde a falta de \u00e1reas verdes e a predomin\u00e2ncia do concreto tornam o calor ainda mais intenso.<\/p>\n\n\n\n<p>Segundo o Centro de Gerenciamento de Emerg\u00eancias, essa alta temperatura \u00e9 causada por uma massa de ar quente que deve permanecer sobre o estado at\u00e9, pelo menos, a pr\u00f3xima quarta-feira (19).&nbsp;<\/p>\n\n\n\n<p>A previs\u00e3o indica que as regi\u00f5es de Itapeva e Vale do Ribeira devem registrar as maiores temperaturas, chegando a 38\u00b0C. Na Baixada Santista, S\u00e3o Jos\u00e9 dos Campos, Ara\u00e7atuba, Mar\u00edlia e Presidente Prudente, os term\u00f4metros podem marcar at\u00e9 36\u00b0C. J\u00e1 no Litoral norte, em Bauru e Araraquara, as temperaturas devem atingir 35\u00b0C. No Vale do Para\u00edba, Barretos e Franca, a expectativa \u00e9 de at\u00e9 34\u00b0C. Na Grande S\u00e3o Paulo, assim como nas regi\u00f5es de Sorocaba e Campinas, os term\u00f4metros podem alcan\u00e7ar os 33\u00b0C.<\/p>\n\n\n\n<p>Na capital paulista, as temperaturas devem passar dos 30\u00baC durante toda a semana, aumentando risco de casos de desidrata\u00e7\u00e3o, insola\u00e7\u00e3o, problemas cardiovasculares e outros impactos na sa\u00fade, aumentando assim a demanda nas Unidades B\u00e1sicas de Sa\u00fade espalhadas pelos distritos da cidade de S\u00e3o Paulo.&nbsp;<\/p>\n","protected":false},"excerpt":{"rendered":"<p>Sa\u00fade \u00a0Foto: Paulo Pinto\/ Ag\u00eancia Brasil Por: Carolina Rosa&nbsp; A Defesa Civil de S\u00e3o Paulo emitiu um alerta neste domingo (16), sobre a onda de calor que deve atingir o estado nos pr\u00f3ximos dias. As temperaturas podem chegar a 38\u00b0C em algumas regi\u00f5es, intensificando a sensa\u00e7\u00e3o t\u00e9rmica, especialmente nas periferias, onde a falta de \u00e1reas [&hellip;]<\/p>\n","protected":false},"author":4,"featured_media":964,"comment_status":"open","ping_status":"open","sticky":false,"template":"","format":"standard","meta":{"sb_editor_width":"","footnotes":""},"categories":[26,17,31],"tags":[],"class_list":["post-960","post","type-post","status-publish","format-standard","has-post-thumbnail","hentry","category-destaque","category-meio-ambiente","category-saude"],"relative_dates":{"created":"1 ano ago","modified":"1 ano ago"},"_links":{"self":[{"href":"https:\/\/jornalismo.mandanoticias.com.br\/index.php\/wp-json\/wp\/v2\/posts\/960","targetHints":{"allow":["GET"]}}],"collection":[{"href":"https:\/\/jornalismo.mandanoticias.com.br\/index.php\/wp-json\/wp\/v2\/posts"}],"about":[{"href":"https:\/\/jornalismo.mandanoticias.com.br\/index.php\/wp-json\/wp\/v2\/types\/post"}],"author":[{"embeddable":true,"href":"https:\/\/jornalismo.mandanoticias.com.br\/index.php\/wp-json\/wp\/v2\/users\/4"}],"replies":[{"embeddable":true,"href":"https:\/\/jornalismo.mandanoticias.com.br\/index.php\/wp-json\/wp\/v2\/comments?post=960"}],"version-history":[{"count":4,"href":"https:\/\/jornalismo.mandanoticias.com.br\/index.php\/wp-json\/wp\/v2\/posts\/960\/revisions"}],"predecessor-version":[{"id":974,"href":"https:\/\/jornalismo.mandanoticias.com.br\/index.php\/wp-json\/wp\/v2\/posts\/960\/revisions\/974"}],"wp:featuredmedia":[{"embeddable":true,"href":"https:\/\/jornalismo.mandanoticias.com.br\/index.php\/wp-json\/wp\/v2\/media\/964"}],"wp:attachment":[{"href":"https:\/\/jornalismo.mandanoticias.com.br\/index.php\/wp-json\/wp\/v2\/media?parent=960"}],"wp:term":[{"taxonomy":"category","embeddable":true,"href":"https:\/\/jornalismo.mandanoticias.com.br\/index.php\/wp-json\/wp\/v2\/categories?post=960"},{"taxonomy":"post_tag","embeddable":true,"href":"https:\/\/jornalismo.mandanoticias.com.br\/index.php\/wp-json\/wp\/v2\/tags?post=960"}],"curies":[{"name":"wp","href":"https:\/\/api.w.org\/{rel}","templated":true}]}}