{"id":935,"date":"2025-02-11T17:52:51","date_gmt":"2025-02-11T20:52:51","guid":{"rendered":"https:\/\/jornalismo.mandanoticias.com.br\/?p=935"},"modified":"2025-02-13T16:51:04","modified_gmt":"2025-02-13T19:51:04","slug":"curso-de-audiovisual","status":"publish","type":"post","link":"https:\/\/jornalismo.mandanoticias.com.br\/index.php\/2025\/02\/11\/curso-de-audiovisual\/","title":{"rendered":"Curso de Audiovisual\u00a0com inscri\u00e7\u00f5es at\u00e9 20 de fevereiro"},"content":{"rendered":"\n<p><em>Por Rose Martins&nbsp;<\/em><\/p>\n\n\n\n<p>A <a href=\"https:\/\/www.instagram.com\/fotossintesefilmes\/\">Fotossintese Filmes<\/a> est\u00e1 com inscri\u00e7\u00f5es abertas para a forma\u00e7\u00e3o em Audiovisual, voltada especificamente para pessoas de baixa renda, estudantes da rede p\u00fablica de ensino m\u00e9dio ou ex-estudantes, integrantes de movimentos sociais, pessoas negras, transexuais e portadoras de doen\u00e7as cr\u00f4nicas. O curso \u00e9 totalmente gratuito e destinado a quem deseja explorar sua criatividade e se capacitar para o mercado do audiovisual.<\/p>\n\n\n\n<p>O programa de forma\u00e7\u00e3o tem dura\u00e7\u00e3o de 9 meses, com aulas \u00e0s segundas e ter\u00e7as-feiras, no per\u00edodo da manh\u00e3 ou \u00e0 noite. S\u00e3o disponibilizadas 300 vagas por turma e os encontros ocorrer\u00e3o de forma online.<\/p>\n\n\n\n<p>As aulas ser\u00e3o ministradas por profissionais conhecidos no mundo do audiovisual e abordar\u00e3o temas como roteiro, produ\u00e7\u00e3o, cinema de horror e representa\u00e7\u00f5es descoloniais. Ao final do curso, os participantes produzir\u00e3o curtas-metragens em grupo.<\/p>\n\n\n\n<p><strong>Requisitos para participar:<\/strong><\/p>\n\n\n\n<p>&#8211; Estudantes e ex-estudantes do ensino m\u00e9dio de escolas p\u00fablicas<\/p>\n\n\n\n<p>&#8211; Pessoas que se autodeclaram negras, pardas ou ind\u00edgenas<\/p>\n\n\n\n<p>&#8211; Pessoas de baixa renda<\/p>\n\n\n\n<p>&#8211; Pessoas LGBTQIA+<\/p>\n\n\n\n<p><strong>Etapas:<\/strong><\/p>\n\n\n\n<p>&#8211; Prazo de inscri\u00e7\u00f5es:&nbsp; 20\/02\/2025<\/p>\n\n\n\n<p>&#8211; Per\u00edodo das aulas: de 24\/02 a 30\/11\/2025<\/p>\n\n\n\n<p>&#8211; Turma 1: 09h \u00e0s 12h<\/p>\n\n\n\n<p>&#8211; Turma 2: 19h \u00e0s 22h<\/p>\n\n\n\n<p>Para saber mais e se inscrever, acesse: <a href=\"https:\/\/linktr.ee\/fotossintesefilmes\">https:\/\/linktr.ee\/fotossintesefilmes<\/a><\/p>\n","protected":false},"excerpt":{"rendered":"<p>Por Rose Martins&nbsp; A Fotossintese Filmes est\u00e1 com inscri\u00e7\u00f5es abertas para a forma\u00e7\u00e3o em Audiovisual, voltada especificamente para pessoas de baixa renda, estudantes da rede p\u00fablica de ensino m\u00e9dio ou ex-estudantes, integrantes de movimentos sociais, pessoas negras, transexuais e portadoras de doen\u00e7as cr\u00f4nicas. O curso \u00e9 totalmente gratuito e destinado a quem deseja explorar sua [&hellip;]<\/p>\n","protected":false},"author":6,"featured_media":936,"comment_status":"open","ping_status":"open","sticky":false,"template":"","format":"standard","meta":{"sb_editor_width":"","footnotes":""},"categories":[22],"tags":[],"class_list":["post-935","post","type-post","status-publish","format-standard","has-post-thumbnail","hentry","category-juventudes"],"relative_dates":{"created":"1 ano ago","modified":"1 ano ago"},"_links":{"self":[{"href":"https:\/\/jornalismo.mandanoticias.com.br\/index.php\/wp-json\/wp\/v2\/posts\/935","targetHints":{"allow":["GET"]}}],"collection":[{"href":"https:\/\/jornalismo.mandanoticias.com.br\/index.php\/wp-json\/wp\/v2\/posts"}],"about":[{"href":"https:\/\/jornalismo.mandanoticias.com.br\/index.php\/wp-json\/wp\/v2\/types\/post"}],"author":[{"embeddable":true,"href":"https:\/\/jornalismo.mandanoticias.com.br\/index.php\/wp-json\/wp\/v2\/users\/6"}],"replies":[{"embeddable":true,"href":"https:\/\/jornalismo.mandanoticias.com.br\/index.php\/wp-json\/wp\/v2\/comments?post=935"}],"version-history":[{"count":2,"href":"https:\/\/jornalismo.mandanoticias.com.br\/index.php\/wp-json\/wp\/v2\/posts\/935\/revisions"}],"predecessor-version":[{"id":947,"href":"https:\/\/jornalismo.mandanoticias.com.br\/index.php\/wp-json\/wp\/v2\/posts\/935\/revisions\/947"}],"wp:featuredmedia":[{"embeddable":true,"href":"https:\/\/jornalismo.mandanoticias.com.br\/index.php\/wp-json\/wp\/v2\/media\/936"}],"wp:attachment":[{"href":"https:\/\/jornalismo.mandanoticias.com.br\/index.php\/wp-json\/wp\/v2\/media?parent=935"}],"wp:term":[{"taxonomy":"category","embeddable":true,"href":"https:\/\/jornalismo.mandanoticias.com.br\/index.php\/wp-json\/wp\/v2\/categories?post=935"},{"taxonomy":"post_tag","embeddable":true,"href":"https:\/\/jornalismo.mandanoticias.com.br\/index.php\/wp-json\/wp\/v2\/tags?post=935"}],"curies":[{"name":"wp","href":"https:\/\/api.w.org\/{rel}","templated":true}]}}