{"id":915,"date":"2024-12-05T14:22:08","date_gmt":"2024-12-05T17:22:08","guid":{"rendered":"https:\/\/jornalismo.mandanoticias.com.br\/?p=915"},"modified":"2024-12-05T14:22:54","modified_gmt":"2024-12-05T17:22:54","slug":"manda-noticias-e-outras-midias-de-favela-fazem-parte-da-expo-favela-2024","status":"publish","type":"post","link":"https:\/\/jornalismo.mandanoticias.com.br\/index.php\/2024\/12\/05\/manda-noticias-e-outras-midias-de-favela-fazem-parte-da-expo-favela-2024\/","title":{"rendered":"Manda Not\u00edcias e outras M\u00eddias de Favela fazem parte da Expo Favela 2024, nesta sexta (6)"},"content":{"rendered":"\n<figure class=\"wp-block-image size-large\"><img fetchpriority=\"high\" decoding=\"async\" width=\"1024\" height=\"682\" src=\"https:\/\/jornalismo.mandanoticias.com.br\/wp-content\/uploads\/2024\/12\/expofavela-sp-EF_SP-06-1536x1023-2-1024x682.jpg\" alt=\"\" class=\"wp-image-916\" srcset=\"https:\/\/jornalismo.mandanoticias.com.br\/wp-content\/uploads\/2024\/12\/expofavela-sp-EF_SP-06-1536x1023-2-1024x682.jpg 1024w, https:\/\/jornalismo.mandanoticias.com.br\/wp-content\/uploads\/2024\/12\/expofavela-sp-EF_SP-06-1536x1023-2-300x200.jpg 300w, https:\/\/jornalismo.mandanoticias.com.br\/wp-content\/uploads\/2024\/12\/expofavela-sp-EF_SP-06-1536x1023-2-768x512.jpg 768w, https:\/\/jornalismo.mandanoticias.com.br\/wp-content\/uploads\/2024\/12\/expofavela-sp-EF_SP-06-1536x1023-2.jpg 1536w\" sizes=\"(max-width: 1024px) 100vw, 1024px\" \/><\/figure>\n\n\n\n<p>Foto: Expo Favela 2023 (Divulga\u00e7\u00e3o)<br><br><mark style=\"background-color:#0693e3\" class=\"has-inline-color\">Tecnologia<\/mark><br><em>Por Carolina Rosa<\/em><\/p>\n\n\n\n<p>A <a href=\"https:\/\/expofavela.com.br\/\">Expo Favela Innovation Brasil<\/a> \u00e9 uma feira de empreendedorismo que conecta empreendedores de favelas a investidores, promovendo impacto social e econ\u00f4mico significativo. Organizada pela <a href=\"https:\/\/www.fholding.com.br\/\">Favela Holding<\/a>, com promo\u00e7\u00e3o da<a href=\"https:\/\/cufa.org.br\/\"> Central \u00danica das Favelas (CUFA)<\/a> e produ\u00e7\u00e3o pela<a href=\"https:\/\/infavela.com.br\/\"> InFavela<\/a>, o evento destaca o potencial inovador das comunidades perif\u00e9ricas do Brasil.<\/p>\n\n\n\n<p>Em 2023, o evento teve uma grande repercuss\u00e3o, com etapas regionais realizadas em 20 estados e uma movimenta\u00e7\u00e3o de mais de R$ 122 milh\u00f5es em neg\u00f3cios. A grande final aconteceu no Expo Center Norte, em S\u00e3o Paulo, reunindo 46 mil participantes e destacando os dez principais empreendedores de favelas do pa\u00eds. A edi\u00e7\u00e3o tamb\u00e9m ganhou visibilidade nacional com a produ\u00e7\u00e3o de um reality show, transmitido pela TV Globo no programa <em>\u00c9 de Casa<\/em>. Um dos destaques foi a Mazodan, do Amap\u00e1, empresa criada por Michael Carvalho que utiliza sedimentos de rios para reduzir custos e impactos ambientais na constru\u00e7\u00e3o civil, conquistando o pr\u00eamio de R$ 80 mil.<\/p>\n\n\n\n<p>Em 2024, a feira alcan\u00e7ou novos patamares, com a realiza\u00e7\u00e3o de sua primeira edi\u00e7\u00e3o internacional em Paris, na Fran\u00e7a. As etapas regionais deste ano reuniram cerca de 200 mil pessoas em todo o Brasil, consolidando o evento como um dos maiores movimentos de empreendedorismo de impacto social no pa\u00eds. A Expo Favela refor\u00e7a a import\u00e2ncia de dar voz e oportunidades aos talentos das favelas, promovendo transforma\u00e7\u00e3o e inclus\u00e3o.<\/p>\n\n\n\n<p>Neste ano, o Manda Not\u00edcias estar\u00e1 presente no M\u00eddias de Favela, uma programa\u00e7\u00e3o dedicada a influenciadores e ve\u00edculos de comunica\u00e7\u00e3o de quebrada, como jornais, r\u00e1dios comunit\u00e1rias e outros. O M\u00eddia de Favela foi pensado para aqueles que se comunicam em uma perspectiva hiper local, e a mesa ser\u00e1 na sexta-feira (06\/12) \u00e0s 15h, se liga na programa\u00e7\u00e3o:&nbsp;<\/p>\n\n\n\n<div class=\"wp-block-group is-layout-constrained wp-block-group-is-layout-constrained\">\n<p class=\"has-medium-font-size\"><strong>Sexta-feira (06\/12) &#8211; M\u00cdDIAS DE FAVELA<\/strong><\/p>\n\n\n\n<p>10h00 &#8211; Paula (PREMIA)\u00a0<br>11h00 &#8211; Rita (FMU)<br>12h00 &#8211; Baderna<br>13h00 &#8211; Keyla (Senac)\u00a0<br>14h00 &#8211; Alexandre + V\u00e1leria (UniSant\u2019Anna)<br><strong>15h00 &#8211; Perifa Dixava + Balan\u00e7o e F\u00faria + Manda Noticias\u00a0<\/strong><br>16h00 &#8211; Igor (Fiap)<br>17h00 &#8211; Myrt (Puc)<br>18h00 &#8211; Ayo + Steyonce + Lu Vasconcelos + Gorila<\/p>\n\n\n\n<p><\/p>\n<\/div>\n\n\n\n<p>Para ver todas as atividades da Expo Favela Inovation Brasil 2024, basta acessar o site e escolher qual atividade te interessa mais: <a href=\"https:\/\/expofavela.com.br\/\">https:\/\/expofavela.com.br\/<\/a><\/p>\n\n\n\n<p><\/p>\n","protected":false},"excerpt":{"rendered":"<p>Foto: Expo Favela 2023 (Divulga\u00e7\u00e3o) TecnologiaPor Carolina Rosa A Expo Favela Innovation Brasil \u00e9 uma feira de empreendedorismo que conecta empreendedores de favelas a investidores, promovendo impacto social e econ\u00f4mico significativo. Organizada pela Favela Holding, com promo\u00e7\u00e3o da Central \u00danica das Favelas (CUFA) e produ\u00e7\u00e3o pela InFavela, o evento destaca o potencial inovador das comunidades [&hellip;]<\/p>\n","protected":false},"author":4,"featured_media":916,"comment_status":"open","ping_status":"open","sticky":false,"template":"","format":"standard","meta":{"sb_editor_width":"","footnotes":""},"categories":[1],"tags":[],"class_list":["post-915","post","type-post","status-publish","format-standard","has-post-thumbnail","hentry","category-tecnologia"],"relative_dates":{"created":"1 ano ago","modified":"1 ano ago"},"_links":{"self":[{"href":"https:\/\/jornalismo.mandanoticias.com.br\/index.php\/wp-json\/wp\/v2\/posts\/915","targetHints":{"allow":["GET"]}}],"collection":[{"href":"https:\/\/jornalismo.mandanoticias.com.br\/index.php\/wp-json\/wp\/v2\/posts"}],"about":[{"href":"https:\/\/jornalismo.mandanoticias.com.br\/index.php\/wp-json\/wp\/v2\/types\/post"}],"author":[{"embeddable":true,"href":"https:\/\/jornalismo.mandanoticias.com.br\/index.php\/wp-json\/wp\/v2\/users\/4"}],"replies":[{"embeddable":true,"href":"https:\/\/jornalismo.mandanoticias.com.br\/index.php\/wp-json\/wp\/v2\/comments?post=915"}],"version-history":[{"count":2,"href":"https:\/\/jornalismo.mandanoticias.com.br\/index.php\/wp-json\/wp\/v2\/posts\/915\/revisions"}],"predecessor-version":[{"id":918,"href":"https:\/\/jornalismo.mandanoticias.com.br\/index.php\/wp-json\/wp\/v2\/posts\/915\/revisions\/918"}],"wp:featuredmedia":[{"embeddable":true,"href":"https:\/\/jornalismo.mandanoticias.com.br\/index.php\/wp-json\/wp\/v2\/media\/916"}],"wp:attachment":[{"href":"https:\/\/jornalismo.mandanoticias.com.br\/index.php\/wp-json\/wp\/v2\/media?parent=915"}],"wp:term":[{"taxonomy":"category","embeddable":true,"href":"https:\/\/jornalismo.mandanoticias.com.br\/index.php\/wp-json\/wp\/v2\/categories?post=915"},{"taxonomy":"post_tag","embeddable":true,"href":"https:\/\/jornalismo.mandanoticias.com.br\/index.php\/wp-json\/wp\/v2\/tags?post=915"}],"curies":[{"name":"wp","href":"https:\/\/api.w.org\/{rel}","templated":true}]}}