{"id":860,"date":"2024-11-12T13:22:04","date_gmt":"2024-11-12T16:22:04","guid":{"rendered":"https:\/\/jornalismo.mandanoticias.com.br\/?p=860"},"modified":"2024-11-12T13:32:09","modified_gmt":"2024-11-12T16:32:09","slug":"inscricoes-abertas-para-o-curso-territorios-da-escrita","status":"publish","type":"post","link":"https:\/\/jornalismo.mandanoticias.com.br\/index.php\/2024\/11\/12\/inscricoes-abertas-para-o-curso-territorios-da-escrita\/","title":{"rendered":"Inscri\u00e7\u00f5es abertas para o curso Territ\u00f3rios da Escrita"},"content":{"rendered":"\n<p>Foto: Freepik<\/p>\n\n\n\n<p><em>Por Rose Martins&nbsp;<\/em><\/p>\n\n\n\n<p>Est\u00e3o abertas as inscri\u00e7\u00f5es para o curso gratuito <strong>Territ\u00f3rios da Escrita<\/strong>, destinado a escritores e escritoras, a partir dos 18 anos, que buscam aprimorar suas habilidades e express\u00f5es na escrita. A iniciativa \u00e9 uma parceria entre o&nbsp; <a href=\"https:\/\/www.instagram.com\/minc\/?igsh=MXAwYzNvZWJzeWI1Mw%3D%3D\">Minist\u00e9rio da Cultura<\/a> (MinC), atrav\u00e9s da <a href=\"https:\/\/www.instagram.com\/napeadufrgs\/?igsh=aWhnbmhwcTFzb2Fs#\">Secretaria de forma\u00e7\u00e3o, Livro e Leitura<\/a>, e a <a href=\"https:\/\/www.instagram.com\/ufrgsnoticias\/?igsh=NzkwbnY5dHl1MHV2\">Universidade Federal do Rio Grande do Sul<\/a> (UFRGS), valorizando a diversidade cultural do Brasil.<\/p>\n\n\n\n<p>Com mil vagas oferecidas em todo o pa\u00eds, o curso reserva 25% das vagas para pessoas negras, 10% para ind\u00edgenas e 5% para pessoas com defici\u00eancia (PCD). Candidatos das regi\u00f5es Norte, Nordeste e Centro-Oeste ter\u00e3o um ponto adicional na avalia\u00e7\u00e3o. As inscri\u00e7\u00f5es v\u00e3o at\u00e9 30 de novembro e devem ser feitas pelo site oficial.<\/p>\n\n\n\n<p>Os interessados precisam preencher um formul\u00e1rio online, sendo a sele\u00e7\u00e3o baseada nas respostas e documentos enviados. Para aprova\u00e7\u00e3o, \u00e9 necess\u00e1rio atingir no m\u00ednimo 7,0 pontos. O resultado ser\u00e1 divulgado em 15 de dezembro, e as aulas, no formato online, come\u00e7am em 15 de janeiro de 2025.<\/p>\n\n\n\n<p>Inscri\u00e7\u00f5es at\u00e9: 30\/11\/2024<br>Resultado: 15\/12\/2024<br>In\u00edcio das aulas: 15\/01\/2025<br>Mais informa\u00e7\u00f5es pelo site: <a href=\"https:\/\/docs.google.com\/forms\/d\/e\/1FAIpQLSfZThXHK3IQacpXhNvsVV2X2FCYwM3l5UxyPU21ljnYJ1LURA\/viewform?pli=1&amp;fbclid=PAZXh0bgNhZW0CMTEAAab7iyryMRfIs1szLbVaishD0vDvqg41SlYv9Sw7ukeIymVhUFxdBwDF-5Y_aem_DUQsTKMWduXqlAKpgPw9ng\">https:\/\/www.ufrgs.br\/territoriosdaescrita\/processo-seletivo\/<\/a><\/p>\n","protected":false},"excerpt":{"rendered":"<p>Foto: Freepik Por Rose Martins&nbsp; Est\u00e3o abertas as inscri\u00e7\u00f5es para o curso gratuito Territ\u00f3rios da Escrita, destinado a escritores e escritoras, a partir dos 18 anos, que buscam aprimorar suas habilidades e express\u00f5es na escrita. A iniciativa \u00e9 uma parceria entre o&nbsp; Minist\u00e9rio da Cultura (MinC), atrav\u00e9s da Secretaria de forma\u00e7\u00e3o, Livro e Leitura, e [&hellip;]<\/p>\n","protected":false},"author":6,"featured_media":863,"comment_status":"open","ping_status":"open","sticky":false,"template":"","format":"standard","meta":{"sb_editor_width":"","footnotes":""},"categories":[26,22],"tags":[],"class_list":["post-860","post","type-post","status-publish","format-standard","has-post-thumbnail","hentry","category-destaque","category-juventudes"],"relative_dates":{"created":"1 ano ago","modified":"1 ano ago"},"_links":{"self":[{"href":"https:\/\/jornalismo.mandanoticias.com.br\/index.php\/wp-json\/wp\/v2\/posts\/860","targetHints":{"allow":["GET"]}}],"collection":[{"href":"https:\/\/jornalismo.mandanoticias.com.br\/index.php\/wp-json\/wp\/v2\/posts"}],"about":[{"href":"https:\/\/jornalismo.mandanoticias.com.br\/index.php\/wp-json\/wp\/v2\/types\/post"}],"author":[{"embeddable":true,"href":"https:\/\/jornalismo.mandanoticias.com.br\/index.php\/wp-json\/wp\/v2\/users\/6"}],"replies":[{"embeddable":true,"href":"https:\/\/jornalismo.mandanoticias.com.br\/index.php\/wp-json\/wp\/v2\/comments?post=860"}],"version-history":[{"count":1,"href":"https:\/\/jornalismo.mandanoticias.com.br\/index.php\/wp-json\/wp\/v2\/posts\/860\/revisions"}],"predecessor-version":[{"id":864,"href":"https:\/\/jornalismo.mandanoticias.com.br\/index.php\/wp-json\/wp\/v2\/posts\/860\/revisions\/864"}],"wp:featuredmedia":[{"embeddable":true,"href":"https:\/\/jornalismo.mandanoticias.com.br\/index.php\/wp-json\/wp\/v2\/media\/863"}],"wp:attachment":[{"href":"https:\/\/jornalismo.mandanoticias.com.br\/index.php\/wp-json\/wp\/v2\/media?parent=860"}],"wp:term":[{"taxonomy":"category","embeddable":true,"href":"https:\/\/jornalismo.mandanoticias.com.br\/index.php\/wp-json\/wp\/v2\/categories?post=860"},{"taxonomy":"post_tag","embeddable":true,"href":"https:\/\/jornalismo.mandanoticias.com.br\/index.php\/wp-json\/wp\/v2\/tags?post=860"}],"curies":[{"name":"wp","href":"https:\/\/api.w.org\/{rel}","templated":true}]}}