{"id":842,"date":"2024-11-05T14:01:29","date_gmt":"2024-11-05T17:01:29","guid":{"rendered":"https:\/\/jornalismo.mandanoticias.com.br\/?p=842"},"modified":"2024-11-05T14:07:24","modified_gmt":"2024-11-05T17:07:24","slug":"instituto-criar-abre-inscricoes-para-turmas-de-audiovisual","status":"publish","type":"post","link":"https:\/\/jornalismo.mandanoticias.com.br\/index.php\/2024\/11\/05\/instituto-criar-abre-inscricoes-para-turmas-de-audiovisual\/","title":{"rendered":"Instituto Criar abre inscri\u00e7\u00f5es para turmas de Audiovisual"},"content":{"rendered":"\n<p><\/p>\n\n\n\n<figure class=\"wp-block-image size-large\"><img decoding=\"async\" src=\"https:\/\/jornalismo.mandanoticias.com.br\/wp-content\/uploads\/2024\/11\/Snapinsta.app_452858879_18442435159012646_1778825727570992404_n_1080-1024x1024.jpg\" alt=\"\" class=\"wp-image-843\"\/><\/figure>\n\n\n\n<p>Foto: Instituto Criar <\/p>\n\n\n\n<p><mark style=\"background-color:#ff6900\" class=\"has-inline-color\">Juventudes<\/mark><br><em>Por Rose Martins\u00a0<\/em><\/p>\n\n\n\n<p>Est\u00e3o abertas as inscri\u00e7\u00f5es para a Turma 21 do <a href=\"https:\/\/institutocriar.org\/processo-seletivo-turma-21-sao-paulo\/\">Instituto Criar<\/a> de TV, Cinema e Novas M\u00eddias. Ser\u00e3o oferecidas 100 vagas para jovens com idades entre 17 a 24 anos, que morem&nbsp; nas periferias de S\u00e3o Paulo e buscam se profissionalizar na \u00e1rea do audiovisual. Com 20 anos de atua\u00e7\u00e3o, o instituto Criar j\u00e1 impactou milhares de jovens, promovendo desenvolvimento profissional, sociocultural e pessoal por meio do audiovisual.<\/p>\n\n\n\n<p>O programa de forma\u00e7\u00e3o possui dura\u00e7\u00e3o de 10 meses, com atividades de segunda a sexta-feira, das 9h \u00e0s 17h. A jornada de aprendizado abrange \u00e1reas como Fotografia, \u00c1udio, Produ\u00e7\u00e3o, Dire\u00e7\u00e3o de Arte, P\u00f3s-produ\u00e7\u00e3o, Tecnologia e Roteiro, sendo dividida em tr\u00eas etapas: experimenta\u00e7\u00e3o, especializa\u00e7\u00e3o e um Projeto Experimental de Curso (PEC). Durante o curso, os alunos recebem alimenta\u00e7\u00e3o completa e uma bolsa de trabalho no valor de um sal\u00e1rio m\u00ednimo para apoiar a dedica\u00e7\u00e3o integral ao programa.<\/p>\n\n\n\n<p>Para participar, \u00e9 preciso morar em S\u00e3o Paulo h\u00e1 pelo menos dois anos, ter renda familiar per capita de at\u00e9 um sal\u00e1rio m\u00ednimo (R$1.412,00) e j\u00e1 ter conclu\u00eddo ou estar concluindo o Ensino M\u00e9dio em 2024. Al\u00e9m disso, o jovem deve contar com indica\u00e7\u00e3o de um \u201cAliado Social\u201d, que podem ser institui\u00e7\u00f5es, escolas, coletivos culturais ou veteranos do Instituto que apoiem o desenvolvimento dos participantes. Os interessados sem um Aliado Social, podem buscar essa rede de apoio junto \u00e0s institui\u00e7\u00f5es parceiras listadas pelo Instituto Criar.<\/p>\n\n\n\n<div class=\"wp-block-group is-layout-constrained wp-block-group-is-layout-constrained\">\n<p class=\"has-medium-font-size\"><strong>Requisitos para participar:&nbsp;<\/strong><\/p>\n\n\n\n<p>&#8211; Ter entre 17 e 24 anos (nascido entre 12 de fevereiro de 2000 e 10 de fevereiro de 2008)<\/p>\n\n\n\n<p>&#8211; Residir no Munic\u00edpio de S\u00e3o Paulo h\u00e1, no m\u00ednimo, dois anos;<\/p>\n\n\n\n<p>&#8211; Ter renda familiar per capita igual ou inferior a R$1.412,00;<\/p>\n\n\n\n<p>&#8211; N\u00e3o ter participado de outro projeto com bolsa trabalho por mais de 14 meses;<\/p>\n\n\n\n<p>&#8211; N\u00e3o estar recebendo seguro-desemprego no in\u00edcio das aulas;<\/p>\n\n\n\n<p>&#8211; Estar dispon\u00edvel das 9h \u00e0s 17h, de segunda a sexta-feira, para frequentar todas as atividades;<\/p>\n\n\n\n<p>&#8211; Possuir aptid\u00e3o para Audiovisual ou Tecnologia;<\/p>\n\n\n\n<p>&#8211; Contar com indica\u00e7\u00e3o de um Aliado Social.<\/p>\n\n\n\n<p><\/p>\n<\/div>\n\n\n\n<div class=\"wp-block-group is-layout-constrained wp-block-group-is-layout-constrained\">\n<p class=\"has-medium-font-size\"><strong>Etapas do Processo Seletivo:<\/strong><\/p>\n\n\n\n<p>&#8211; Inscri\u00e7\u00f5es: 30 de outubro a 19 de novembro de 2024<\/p>\n\n\n\n<p>&#8211; Resultado da primeira etapa: 4 de dezembro de 2024<\/p>\n\n\n\n<p>&#8211; Entrevista online: 10 a 17 de dezembro de 2024<\/p>\n\n\n\n<p>&#8211; Resultado: 19 de dezembro de 2024<\/p>\n\n\n\n<p><\/p>\n<\/div>\n\n\n\n<p class=\"has-medium-font-size\">Para saber mais e se inscrever no processo seletivo acesse: <a href=\"https:\/\/institutocriar.org\/processo-seletivo-turma-21-sao-paulo\/\">institutocriar.org<\/a><\/p>\n\n\n\n<p><\/p>\n","protected":false},"excerpt":{"rendered":"<p>Foto: Instituto Criar JuventudesPor Rose Martins\u00a0 Est\u00e3o abertas as inscri\u00e7\u00f5es para a Turma 21 do Instituto Criar de TV, Cinema e Novas M\u00eddias. Ser\u00e3o oferecidas 100 vagas para jovens com idades entre 17 a 24 anos, que morem&nbsp; nas periferias de S\u00e3o Paulo e buscam se profissionalizar na \u00e1rea do audiovisual. Com 20 anos de [&hellip;]<\/p>\n","protected":false},"author":6,"featured_media":844,"comment_status":"open","ping_status":"open","sticky":false,"template":"","format":"standard","meta":{"sb_editor_width":"","footnotes":""},"categories":[26,22],"tags":[],"class_list":["post-842","post","type-post","status-publish","format-standard","has-post-thumbnail","hentry","category-destaque","category-juventudes"],"relative_dates":{"created":"1 ano ago","modified":"1 ano ago"},"_links":{"self":[{"href":"https:\/\/jornalismo.mandanoticias.com.br\/index.php\/wp-json\/wp\/v2\/posts\/842","targetHints":{"allow":["GET"]}}],"collection":[{"href":"https:\/\/jornalismo.mandanoticias.com.br\/index.php\/wp-json\/wp\/v2\/posts"}],"about":[{"href":"https:\/\/jornalismo.mandanoticias.com.br\/index.php\/wp-json\/wp\/v2\/types\/post"}],"author":[{"embeddable":true,"href":"https:\/\/jornalismo.mandanoticias.com.br\/index.php\/wp-json\/wp\/v2\/users\/6"}],"replies":[{"embeddable":true,"href":"https:\/\/jornalismo.mandanoticias.com.br\/index.php\/wp-json\/wp\/v2\/comments?post=842"}],"version-history":[{"count":1,"href":"https:\/\/jornalismo.mandanoticias.com.br\/index.php\/wp-json\/wp\/v2\/posts\/842\/revisions"}],"predecessor-version":[{"id":845,"href":"https:\/\/jornalismo.mandanoticias.com.br\/index.php\/wp-json\/wp\/v2\/posts\/842\/revisions\/845"}],"wp:featuredmedia":[{"embeddable":true,"href":"https:\/\/jornalismo.mandanoticias.com.br\/index.php\/wp-json\/wp\/v2\/media\/844"}],"wp:attachment":[{"href":"https:\/\/jornalismo.mandanoticias.com.br\/index.php\/wp-json\/wp\/v2\/media?parent=842"}],"wp:term":[{"taxonomy":"category","embeddable":true,"href":"https:\/\/jornalismo.mandanoticias.com.br\/index.php\/wp-json\/wp\/v2\/categories?post=842"},{"taxonomy":"post_tag","embeddable":true,"href":"https:\/\/jornalismo.mandanoticias.com.br\/index.php\/wp-json\/wp\/v2\/tags?post=842"}],"curies":[{"name":"wp","href":"https:\/\/api.w.org\/{rel}","templated":true}]}}