{"id":743,"date":"2024-10-10T10:58:06","date_gmt":"2024-10-10T13:58:06","guid":{"rendered":"https:\/\/jornalismo.mandanoticias.com.br\/?p=743"},"modified":"2024-10-10T11:07:56","modified_gmt":"2024-10-10T14:07:56","slug":"bloco-do-beco-revitaliza-escadao-no-jardim-ibirapuera-em-homenagem-a-escolinha-da-tia-maria","status":"publish","type":"post","link":"https:\/\/jornalismo.mandanoticias.com.br\/index.php\/2024\/10\/10\/bloco-do-beco-revitaliza-escadao-no-jardim-ibirapuera-em-homenagem-a-escolinha-da-tia-maria\/","title":{"rendered":"Bloco do Beco reinaugura escad\u00e3o hist\u00f3rico em homenagem \u00e0 educadora do territ\u00f3rio"},"content":{"rendered":"\n<figure class=\"wp-block-gallery has-nested-images columns-default is-cropped wp-block-gallery-1 is-layout-flex wp-block-gallery-is-layout-flex\">\n<figure class=\"wp-block-image size-large\"><img fetchpriority=\"high\" decoding=\"async\" width=\"585\" height=\"414\" data-id=\"744\" src=\"https:\/\/jornalismo.mandanoticias.com.br\/wp-content\/uploads\/2024\/10\/unnamed-1.jpg\" alt=\"\" class=\"wp-image-744\" srcset=\"https:\/\/jornalismo.mandanoticias.com.br\/wp-content\/uploads\/2024\/10\/unnamed-1.jpg 585w, https:\/\/jornalismo.mandanoticias.com.br\/wp-content\/uploads\/2024\/10\/unnamed-1-300x212.jpg 300w\" sizes=\"(max-width: 585px) 100vw, 585px\" \/><\/figure>\n\n\n\n<figure class=\"wp-block-image size-large\"><img decoding=\"async\" width=\"590\" height=\"1024\" data-id=\"745\" src=\"https:\/\/jornalismo.mandanoticias.com.br\/wp-content\/uploads\/2024\/10\/unnamed-590x1024.png\" alt=\"\" class=\"wp-image-745\" srcset=\"https:\/\/jornalismo.mandanoticias.com.br\/wp-content\/uploads\/2024\/10\/unnamed-590x1024.png 590w, https:\/\/jornalismo.mandanoticias.com.br\/wp-content\/uploads\/2024\/10\/unnamed-173x300.png 173w, https:\/\/jornalismo.mandanoticias.com.br\/wp-content\/uploads\/2024\/10\/unnamed.png 739w\" sizes=\"(max-width: 590px) 100vw, 590px\" \/><\/figure>\n<\/figure>\n\n\n\n<p><em>Foto: Arquivo Pessoal<\/em><\/p>\n\n\n\n<p><mark style=\"background-color:#9b51e0\" class=\"has-inline-color\"><strong>Cu<\/strong>ltura <\/mark><\/p>\n\n\n\n<p>Por Samara da Silva<\/p>\n\n\n\n<p><em>O escad\u00e3o faz parte do projeto &#8220;Escad\u00e3o Galeria&#8221; e ser\u00e1 inaugurado no dia 15 de outubro, celebrando a contribui\u00e7\u00e3o das educadoras populares na educa\u00e7\u00e3o e na constru\u00e7\u00e3o da comunidade no Jardim Ibirapuera, zona sul de S\u00e3o Paulo.<\/em><em><br><\/em><\/p>\n\n\n\n<p>O ponto de cultura <a href=\"https:\/\/www.instagram.com\/_blocodobeco\/\">Bloco do Beco<\/a> ocupa um espa\u00e7o hist\u00f3rico onde, cerca de 12 educadoras populares se uniram para alfabetizar crian\u00e7as do bairro, projeto conhecido carinhosamente como \u201cEscolinha da Tia Maria.\u201d, fundada por Maria dos Reis, mais conhecida como Tia Maria. A escolinha foi o primeiro espa\u00e7o de educa\u00e7\u00e3o comunit\u00e1ria do territ\u00f3rio e se manteve por quase 30 anos, alfabetizando diversas gera\u00e7\u00f5es.<\/p>\n\n\n\n<p>&#8220;Minha av\u00f3 preparava as crian\u00e7as para o pr\u00e9zinho, ensinando a ler e a escrever,&#8221; lembra Aline, neta de Tia Maria. Com o tempo, a escolinha se transformou em uma rede de apoio para as m\u00e3es, que encontravam ali n\u00e3o apenas educa\u00e7\u00e3o para seus filhos, mas tamb\u00e9m assist\u00eancia, empatia e solidariedade.<br><\/p>\n\n\n\n<p>&#8220;A Tia Maria ajudou muitas m\u00e3es que precisavam trabalhar e n\u00e3o tinham onde deixar os filhos. Ela emprestava roupas para formaturas e festas juninas,&#8221; acrescenta Aline, relembrando o legado afetivo de sua av\u00f3.<\/p>\n\n\n\n<p>O projeto de revitaliza\u00e7\u00e3o do escad\u00e3o, que liga a Rua Salgueiro do Campo \u00e0 Rua Solar dos Quevedos, inclui interven\u00e7\u00f5es art\u00edsticas e a mobiliza\u00e7\u00e3o da comunidade. Durante o m\u00eas de setembro, moradores trabalharam em uni\u00e3o aos educadores do Bloco do Beco para criar mosaicos que colorem os degraus.<br><\/p>\n\n\n\n<p>&#8220;A inten\u00e7\u00e3o \u00e9 integrar a comunidade ao projeto, promovendo cuidado e manuten\u00e7\u00e3o dos escad\u00f5es, e embelezando ainda mais o nosso bairro,&#8221; explica Cristiane Bonfim, psic\u00f3loga e arte-educadora. At\u00e9 o final do ano, o Bloco do Beco planeja revitalizar tr\u00eas escad\u00f5es, visando transformar o Jardim Ibirapuera no bairro mais colorido de S\u00e3o Paulo. &#8220;Nosso objetivo \u00e9 revitalizar os 20 escad\u00f5es da comunidade at\u00e9 2030, transformando-a na mais colorida da cidade de S\u00e3o Paulo&#8221; afirma Luiz Claudio, cofundador do Bloco do Beco.<\/p>\n\n\n\n<p><img decoding=\"async\" src=\"https:\/\/lh7-rt.googleusercontent.com\/docsz\/AD_4nXe0dZk5IKCotsoi4QR_fc_UK_roxm2Yuy8shwfs65EZYRU1sDEyIoydqQMx5umKIQ9hGnSTSSn_ghgQ6uVyA4a0JFpRucIVUpHz6CxsjcCBhlKBF1QsoX59EHcnLxV6Fw2qo04apMKd1ZrpvoTuolAq0bnY?key=bCQCZUrgackSYmip817RtQ\" width=\"585\" height=\"406.99870708415966\"><\/p>\n\n\n\n<p class=\"has-small-font-size\"><em>Na foto Luiz Claudio e Tia Maria<\/em><br><\/p>\n\n\n\n<p>As interven\u00e7\u00f5es art\u00edsticas ocorrer\u00e3o entre outubro e dezembro, com a participa\u00e7\u00e3o da comunidade, resultando em obras que refletem a cultura e identidade local.<\/p>\n\n\n\n<p class=\"has-small-font-size\"><strong>Servi\u00e7o<\/strong><br><strong>Inaugura\u00e7\u00e3o:<\/strong> Escad\u00e3o da Tia Maria<br><strong>Local:<\/strong> Rua Salgueiro do Campo, 400 &#8211; Jardim Ibirapuera, SP<br><strong>Data:<\/strong> 15 de outubro de 2024<br><strong>Hor\u00e1rio:<\/strong> 09h \u00e0s 11h<br><strong>Recomenda\u00e7\u00e3o et\u00e1ria:<\/strong> Livre<br><strong>Atividade:<\/strong> Gratuita<br><strong>Mais informa\u00e7\u00f5es:<\/strong> <a href=\"http:\/\/instagram.com\/_BlocodoBeco\">instagram.com\/_BlocodoBeco<\/a><\/p>\n\n\n\n<p>A AkzoNobel apoia a realiza\u00e7\u00e3o de tr\u00eas escad\u00f5es, oficinas de arte-educa\u00e7\u00e3o e um minidocument\u00e1rio sobre o projeto. &#8220;Esperamos que este apoio enrique\u00e7a a cultura promovida pelo Bloco do Beco,&#8221; comenta Flavia Yumi Takeuchi, gerente de sustentabilidade da empresa.<\/p>\n\n\n\n<p><strong>Sobre o Bloco do Beco<br><\/strong>Com mais de 20 anos de atua\u00e7\u00e3o, o Bloco do Beco trabalha pelo acesso \u00e0 cultura e desenvolvimento comunit\u00e1rio no Jardim Ibirapuera. Para mais informa\u00e7\u00f5es, visite <a href=\"http:\/\/blocodobeco.org\">blocodobeco.org<\/a>.<\/p>\n\n\n\n<p><strong>Sobre a AkzoNobel<\/strong><strong><br><\/strong>Desde 1792, a AkzoNobel fornece tintas e revestimentos inovadores em mais de 150 pa\u00edses, dedicando-se a solu\u00e7\u00f5es sustent\u00e1veis. Para mais informa\u00e7\u00f5es, acesse<a href=\"http:\/\/www.akzonobel.com\"> akzonobel.com<\/a>.<br><\/p>\n\n\n\n<p><\/p>\n","protected":false},"excerpt":{"rendered":"<p>Foto: Arquivo Pessoal Cultura Por Samara da Silva O escad\u00e3o faz parte do projeto &#8220;Escad\u00e3o Galeria&#8221; e ser\u00e1 inaugurado no dia 15 de outubro, celebrando a contribui\u00e7\u00e3o das educadoras populares na educa\u00e7\u00e3o e na constru\u00e7\u00e3o da comunidade no Jardim Ibirapuera, zona sul de S\u00e3o Paulo. O ponto de cultura Bloco do Beco ocupa um espa\u00e7o [&hellip;]<\/p>\n","protected":false},"author":4,"featured_media":0,"comment_status":"open","ping_status":"open","sticky":false,"template":"","format":"standard","meta":{"sb_editor_width":"","footnotes":""},"categories":[1],"tags":[],"class_list":["post-743","post","type-post","status-publish","format-standard","hentry","category-tecnologia"],"relative_dates":{"created":"2 anos ago","modified":"2 anos ago"},"_links":{"self":[{"href":"https:\/\/jornalismo.mandanoticias.com.br\/index.php\/wp-json\/wp\/v2\/posts\/743","targetHints":{"allow":["GET"]}}],"collection":[{"href":"https:\/\/jornalismo.mandanoticias.com.br\/index.php\/wp-json\/wp\/v2\/posts"}],"about":[{"href":"https:\/\/jornalismo.mandanoticias.com.br\/index.php\/wp-json\/wp\/v2\/types\/post"}],"author":[{"embeddable":true,"href":"https:\/\/jornalismo.mandanoticias.com.br\/index.php\/wp-json\/wp\/v2\/users\/4"}],"replies":[{"embeddable":true,"href":"https:\/\/jornalismo.mandanoticias.com.br\/index.php\/wp-json\/wp\/v2\/comments?post=743"}],"version-history":[{"count":7,"href":"https:\/\/jornalismo.mandanoticias.com.br\/index.php\/wp-json\/wp\/v2\/posts\/743\/revisions"}],"predecessor-version":[{"id":754,"href":"https:\/\/jornalismo.mandanoticias.com.br\/index.php\/wp-json\/wp\/v2\/posts\/743\/revisions\/754"}],"wp:attachment":[{"href":"https:\/\/jornalismo.mandanoticias.com.br\/index.php\/wp-json\/wp\/v2\/media?parent=743"}],"wp:term":[{"taxonomy":"category","embeddable":true,"href":"https:\/\/jornalismo.mandanoticias.com.br\/index.php\/wp-json\/wp\/v2\/categories?post=743"},{"taxonomy":"post_tag","embeddable":true,"href":"https:\/\/jornalismo.mandanoticias.com.br\/index.php\/wp-json\/wp\/v2\/tags?post=743"}],"curies":[{"name":"wp","href":"https:\/\/api.w.org\/{rel}","templated":true}]}}