{"id":720,"date":"2024-10-11T09:00:00","date_gmt":"2024-10-11T12:00:00","guid":{"rendered":"https:\/\/jornalismo.mandanoticias.com.br\/?p=720"},"modified":"2024-10-08T11:51:42","modified_gmt":"2024-10-08T14:51:42","slug":"angola-e-brasil-uma-relacao-que-se-estende-para-alem-do-atlantico","status":"publish","type":"post","link":"https:\/\/jornalismo.mandanoticias.com.br\/index.php\/2024\/10\/11\/angola-e-brasil-uma-relacao-que-se-estende-para-alem-do-atlantico\/","title":{"rendered":"Angola e Brasil: uma rela\u00e7\u00e3o que se estende para al\u00e9m do Atl\u00e2ntico"},"content":{"rendered":"\n<div class=\"wp-block-cover\"><span aria-hidden=\"true\" class=\"wp-block-cover__background has-background-dim\"><\/span><img fetchpriority=\"high\" decoding=\"async\" width=\"891\" height=\"1024\" class=\"wp-block-cover__image-background wp-image-721\" alt=\"\" src=\"https:\/\/jornalismo.mandanoticias.com.br\/wp-content\/uploads\/2024\/10\/IMG_3393-891x1024.jpeg\" data-object-fit=\"cover\" srcset=\"https:\/\/jornalismo.mandanoticias.com.br\/wp-content\/uploads\/2024\/10\/IMG_3393-891x1024.jpeg 891w, https:\/\/jornalismo.mandanoticias.com.br\/wp-content\/uploads\/2024\/10\/IMG_3393-261x300.jpeg 261w, https:\/\/jornalismo.mandanoticias.com.br\/wp-content\/uploads\/2024\/10\/IMG_3393-768x882.jpeg 768w, https:\/\/jornalismo.mandanoticias.com.br\/wp-content\/uploads\/2024\/10\/IMG_3393.jpeg 1170w\" sizes=\"(max-width: 891px) 100vw, 891px\" \/><div class=\"wp-block-cover__inner-container is-layout-flow wp-block-cover-is-layout-flow\">\n<p class=\"has-text-align-center has-large-font-size\"><\/p>\n<\/div><\/div>\n\n\n\n<p>Cr\u00e9ditos: Adilson Le\u00e3o (@adyleao)<\/p>\n\n\n\n<p class=\"has-medium-font-size\"><strong><mark style=\"background-color:rgba(0, 0, 0, 0)\" class=\"has-inline-color has-luminous-vivid-amber-color\">Coluna Ombala<\/mark><\/strong><\/p>\n\n\n\n<p>Por Silvia Mungongo<\/p>\n\n\n\n<p class=\"has-medium-font-size\">Primeira vez que piso em solo sul-americano, meu destino \u00e9 o pa\u00eds do samba, da tapioca, do a\u00e7a\u00ed, do arroz com feij\u00e3o e outras coisas muito \u201clegais\u201d. H\u00e1 dois anos, quando tomei a decis\u00e3o de vir para o Brasil, com inten\u00e7\u00e3o de fazer o mestrado, muita gente me questionou sobre o porqu\u00ea da escolha. Por que o Brasil e n\u00e3o algum pa\u00eds da Europa, por exemplo? Fui ouvindo e me questionando, chegando at\u00e9 a duvidar da minha \u201cescolha\u201d. Ser\u00e1 coincid\u00eancia? Ap\u00f3s algumas reflex\u00f5es, encontrei maiores respostas\/conforto na nossa liga\u00e7\u00e3o ancestral, portanto, n\u00e3o foi mera coincid\u00eancia.<br>Agora vou contar um pouco de hist\u00f3ria.\u00a0<br>Angola encontra-se situada na parte sudoeste de \u00c1frica, com uma popula\u00e7\u00e3o de mais de trinta e cinco milh\u00f5es de habitantes. Tem como capital Luanda e, al\u00e9m do portugu\u00eas, l\u00edngua oficial, tem mais de vinte l\u00ednguas origin\u00e1rias. \u00c9 banhado pelo oceano Atl\u00e2ntico \u2013 o mesmo que o Brasil<strong> <\/strong>\u2013 a oeste e possui grandes reservas de petr\u00f3leo e g\u00e1s natural, numerosos rios, recursos minerais, destacando-se diamantes, ouro, ferro, mangan\u00eas, fosfato.\u00a0<br>Em 1482, ou seja, 18 anos antes de chegarem ao Brasil, navegadores portugueses liderados por Diogo C\u00e3o, chegam ao territ\u00f3rio que hoje se chama Angola, mas a coloniza\u00e7\u00e3o s\u00f3 iniciou em 1575. Ap\u00f3s uma prolongada luta protagonizada pelos tr\u00eas principais movimentos de resist\u00eancia e liberta\u00e7\u00e3o nacional, no dia 11 de novembro de 1975, o pa\u00eds alcan\u00e7ou a independ\u00eancia.\u00a0<br>Ex-col\u00f4nias portuguesas, compartilham hoje o mesmo idioma. Mas, voc\u00ea acha que este \u00e9 o \u00fanico fato que os conecta?<\/p>\n\n\n\n<ol class=\"wp-block-list\">\n<li class=\"has-medium-font-size\"><strong>O Brasil foi o primeiro pa\u00eds a reconhecer a independ\u00eancia de Angola\u00a0<\/strong><br>Isso foi bastante simb\u00f3lico para os(as) angolanos(as), tanto \u00e9 que o Brasil se tornou tamb\u00e9m um dos seus maiores parceiros comerciais.\u00a0<\/li>\n\n\n\n<li class=\"has-medium-font-size\"><strong>Palavras brasileiras de origem angolana<\/strong><br>Al\u00e9m de compartilharem a l\u00edngua portuguesa, outra curiosidade interessante \u00e9 a influ\u00eancia que as l\u00ednguas bantu, especialmente o kimbundu, de Angola, t\u00eam no portugu\u00eas brasileiro. Palavras como moleque, dengo, cafun\u00e9, ca\u00e7ula, cachimbo, bunda, farofa, muvuca, quitanda, samba, bagun\u00e7a, senzala e quilombo, foram originadas das l\u00ednguas angolanas. De certeza voc\u00ea j\u00e1 usou uma destas palavras.<\/li>\n\n\n\n<li class=\"has-medium-font-size\"><strong>A origem do Samba<\/strong><br>Dos v\u00e1rios estilos musicais existentes em Angola, destacamos o Semba, um g\u00eanero de m\u00fasica e de dan\u00e7a tradicional que se tornou muito popular nos anos 50. A palavra semba significa\u00a0\u201cumbigada\u201d\u00a0em\u00a0kimbundu. Assim, acredita-se que a palavra \u201csamba\u201d tem origem no Semba, j\u00e1 que os ritmos s\u00e3o parecidos.\u00a0\u00a0<\/li>\n\n\n\n<li class=\"has-medium-font-size\"><strong>A composi\u00e7\u00e3o da popula\u00e7\u00e3o brasileira<\/strong><br>Dos cerca de 10 milh\u00f5es de africanos(as) trazidos \u00e0 for\u00e7a para o Brasil, 5 milh\u00f5es eram de Angola. Ent\u00e3o, \u00e9 poss\u00edvel que voc\u00ea, afro-brasileiro(a), tenha sangue angolano, pesquise.\u00a0<br>Hoje, segundo a embaixada do Brasil em Angola, o pa\u00eds tem a maior comunidade brasileira em \u00c1frica, com cerca de 30 mil cidad\u00e3os, sendo que no Brasil est\u00e3o registrados 17 mil angolanos.\u00a0<\/li>\n\n\n\n<li class=\"has-medium-font-size\"><strong>Uma visita ilustre<\/strong><br>Para refor\u00e7ar ainda mais estes la\u00e7os e responder ao que se considera um \u201cpreceito ancestral\u201d, o Rei Tchongolola Tchongonga Ekuikui VI, rei dos ovimbundu, etnia predominante no sul de Angola, visitou o Brasil este ano, efetuando uma s\u00e9rie de visitas a lugares hist\u00f3ricos e com forte presen\u00e7a de comunidade negra. Foi a primeira visita de um soberano angolano.\u00a0<br>Para saber mais sobre a hist\u00f3ria e cultura de Angola, visite os <strong>Centros Culturais Casa de Angola<\/strong>, na Bahia e em S\u00e3o Paulo.\u00a0<\/li>\n<\/ol>\n\n\n\n<p><br><strong>Refer\u00eancias<\/strong><br>COMERFORD, Michael G. O Rosto Pac\u00edfico de Angola: biografia de um processo de paz (1991-2002), Luanda, 2005. CHIMANDA, Pedro Fernandes. Do Monopartidarismo \u00e0 Transi\u00e7\u00e3o Democr\u00e1tica em Angola. Lisboa, 2010.<br>PENHA. Eli Alves. O dilema da geopol\u00edtica em Angola: entre o \u201cHeartland\u201d africano e o Atl\u00e2ntico Sul, TENS\u00d5ES MUNDIAIS, FORTALEZA, V. 12, N. 22, P. 145-175, 2016.<br><a href=\"https:\/\/www.bbc.com\/portuguese\/geral-61468675\">https:\/\/www.bbc.com\/portuguese\/geral-61468675<\/a><br><a href=\"https:\/\/www.metropoles.com\/mundo\/consulado-angola-embaixadas-africa-caribe\">https:\/\/www.metropoles.com\/mundo\/consulado-angola-embaixadas-africa-caribe<\/a><\/p>\n\n\n\n<hr class=\"wp-block-separator has-alpha-channel-opacity is-style-wide\"\/>\n\n\n\n<p><\/p>\n\n\n\n<div class=\"wp-block-media-text is-stacked-on-mobile\" style=\"grid-template-columns:15% auto\"><figure class=\"wp-block-media-text__media\"><img decoding=\"async\" width=\"831\" height=\"1024\" src=\"https:\/\/jornalismo.mandanoticias.com.br\/wp-content\/uploads\/2024\/09\/Silvia1-831x1024.jpg\" alt=\"\" class=\"wp-image-594 size-full\" srcset=\"https:\/\/jornalismo.mandanoticias.com.br\/wp-content\/uploads\/2024\/09\/Silvia1-831x1024.jpg 831w, https:\/\/jornalismo.mandanoticias.com.br\/wp-content\/uploads\/2024\/09\/Silvia1-243x300.jpg 243w, https:\/\/jornalismo.mandanoticias.com.br\/wp-content\/uploads\/2024\/09\/Silvia1-768x947.jpg 768w, https:\/\/jornalismo.mandanoticias.com.br\/wp-content\/uploads\/2024\/09\/Silvia1.jpg 1170w\" sizes=\"(max-width: 831px) 100vw, 831px\" \/><\/figure><div class=\"wp-block-media-text__content\">\n<p><strong>Silvia\u00a0Mungongo<\/strong>: natural de Luanda, Angola, atualmente residente na cidade de S\u00e3o Paulo, \u00e9 soci\u00f3loga, ativista, poeta e jornalista. Profissional de comunica\u00e7\u00e3o com s\u00f3lida experi\u00eancia em reda\u00e7\u00e3o, locu\u00e7\u00e3o, reportagem e edi\u00e7\u00e3o. Atuou em diversas plataformas, como r\u00e1dio, televis\u00e3o e m\u00eddia digital, desenvolvendo e apresentando conte\u00fados informativos e engajadores.<\/p>\n\n\n\n<p><\/p>\n\n\n\n<p><strong>Sobre a coluna:<\/strong>  Ombala \u00e9 uma palavra na l\u00edngua angolana\u00a0Umbundu, que significa capital ou sede. Portanto, um lugar de encontros e reencontros e onde normalmente residem Reis e Rainhas. A coluna pretende ser um espa\u00e7o de reencontro da cultura africana, seus fazedores e sua abrang\u00eancia na di\u00e1spora. Ser\u00e1 um prazer ter-vos por aqui.\u00a0Ngasakidila!<\/p>\n<\/div><\/div>\n\n\n\n<p>Silvia Mungongo<\/p>\n\n\n\n<p><\/p>\n","protected":false},"excerpt":{"rendered":"<p>Cr\u00e9ditos: Adilson Le\u00e3o (@adyleao) Coluna Ombala Por Silvia Mungongo Primeira vez que piso em solo sul-americano, meu destino \u00e9 o pa\u00eds do samba, da tapioca, do a\u00e7a\u00ed, do arroz com feij\u00e3o e outras coisas muito \u201clegais\u201d. H\u00e1 dois anos, quando tomei a decis\u00e3o de vir para o Brasil, com inten\u00e7\u00e3o de fazer o mestrado, muita [&hellip;]<\/p>\n","protected":false},"author":9,"featured_media":721,"comment_status":"open","ping_status":"open","sticky":false,"template":"","format":"standard","meta":{"sb_editor_width":"","footnotes":""},"categories":[28,20],"tags":[23],"class_list":["post-720","post","type-post","status-publish","format-standard","has-post-thumbnail","hentry","category-ombala","category-opiniao","tag-territorio-da-noticia"],"relative_dates":{"created":"2 anos ago","modified":"2 anos ago"},"_links":{"self":[{"href":"https:\/\/jornalismo.mandanoticias.com.br\/index.php\/wp-json\/wp\/v2\/posts\/720","targetHints":{"allow":["GET"]}}],"collection":[{"href":"https:\/\/jornalismo.mandanoticias.com.br\/index.php\/wp-json\/wp\/v2\/posts"}],"about":[{"href":"https:\/\/jornalismo.mandanoticias.com.br\/index.php\/wp-json\/wp\/v2\/types\/post"}],"author":[{"embeddable":true,"href":"https:\/\/jornalismo.mandanoticias.com.br\/index.php\/wp-json\/wp\/v2\/users\/9"}],"replies":[{"embeddable":true,"href":"https:\/\/jornalismo.mandanoticias.com.br\/index.php\/wp-json\/wp\/v2\/comments?post=720"}],"version-history":[{"count":2,"href":"https:\/\/jornalismo.mandanoticias.com.br\/index.php\/wp-json\/wp\/v2\/posts\/720\/revisions"}],"predecessor-version":[{"id":723,"href":"https:\/\/jornalismo.mandanoticias.com.br\/index.php\/wp-json\/wp\/v2\/posts\/720\/revisions\/723"}],"wp:featuredmedia":[{"embeddable":true,"href":"https:\/\/jornalismo.mandanoticias.com.br\/index.php\/wp-json\/wp\/v2\/media\/721"}],"wp:attachment":[{"href":"https:\/\/jornalismo.mandanoticias.com.br\/index.php\/wp-json\/wp\/v2\/media?parent=720"}],"wp:term":[{"taxonomy":"category","embeddable":true,"href":"https:\/\/jornalismo.mandanoticias.com.br\/index.php\/wp-json\/wp\/v2\/categories?post=720"},{"taxonomy":"post_tag","embeddable":true,"href":"https:\/\/jornalismo.mandanoticias.com.br\/index.php\/wp-json\/wp\/v2\/tags?post=720"}],"curies":[{"name":"wp","href":"https:\/\/api.w.org\/{rel}","templated":true}]}}