{"id":623,"date":"2024-09-20T16:20:14","date_gmt":"2024-09-20T19:20:14","guid":{"rendered":"https:\/\/jornalismo.mandanoticias.com.br\/?p=623"},"modified":"2025-05-20T13:42:13","modified_gmt":"2025-05-20T16:42:13","slug":"voces-sao-mesmo-seres-inferiores-20-anos-da-obra-de-arawaka-hiromu-que-ainda-se-mantem-atual","status":"publish","type":"post","link":"https:\/\/jornalismo.mandanoticias.com.br\/index.php\/2024\/09\/20\/voces-sao-mesmo-seres-inferiores-20-anos-da-obra-de-arawaka-hiromu-que-ainda-se-mantem-atual\/","title":{"rendered":"\u201cVoc\u00eas s\u00e3o mesmo seres inferiores\u201d. 20 anos da obra de Arawaka Hiromu que ainda se mant\u00e9m atual."},"content":{"rendered":"\n<figure class=\"wp-block-gallery has-nested-images columns-default is-cropped wp-block-gallery-1 is-layout-flex wp-block-gallery-is-layout-flex\">\n<figure class=\"wp-block-image size-large\"><img fetchpriority=\"high\" decoding=\"async\" width=\"730\" height=\"400\" data-id=\"625\" src=\"https:\/\/jornalismo.mandanoticias.com.br\/wp-content\/uploads\/2024\/09\/Fullmetal-Alchemist-manga-completou-20-anos-jpg-1.webp\" alt=\"\" class=\"wp-image-625\" srcset=\"https:\/\/jornalismo.mandanoticias.com.br\/wp-content\/uploads\/2024\/09\/Fullmetal-Alchemist-manga-completou-20-anos-jpg-1.webp 730w, https:\/\/jornalismo.mandanoticias.com.br\/wp-content\/uploads\/2024\/09\/Fullmetal-Alchemist-manga-completou-20-anos-jpg-1-300x164.webp 300w\" sizes=\"(max-width: 730px) 100vw, 730px\" \/><\/figure>\n<\/figure>\n\n\n\n<p>Imagem AnimeNew<\/p>\n\n\n\n<p><\/p>\n\n\n\n<p class=\"has-medium-font-size\"><mark style=\"background-color:rgba(0, 0, 0, 0)\" class=\"has-inline-color has-vivid-cyan-blue-color\">Coluna Anti-heroica<br><\/mark><br><em>Por: Matheus Monteiro<\/em><br><\/p>\n\n\n\n<p>\u201cVoc\u00eas s\u00e3o mesmo seres inferiores&#8230; Alegram-se e se tornam prepotentes logo que conseguem um grande poder para si. E continuam a us\u00e1-lo sem nem menos saberem do que se trata! Ainda acham que a atual prosperidade foi conseguida com suas pr\u00f3prias for\u00e7as! Isso \u00e9 rid\u00edculo! Seus tolos!\u201d, essa fala \u00e9 de um personagem chamado Inveja do mang\u00e1 <em>Fullmetal Alchemist<\/em> de Hiromu Arakawa, e a partir dessa frase quero tecer algumas reflex\u00f5es: quem nos deu a nossa prosperidade? Quem nos deu a evolu\u00e7\u00e3o tecnol\u00f3gica? Ser\u00e1 poss\u00edvel a tecnologia <em>imparcial<\/em>, sem servir a interesses espec\u00edficos?<\/p>\n\n\n\n<p><em>Fullmetal Alchemist<\/em> (FMA) \u00e9 um mang\u00e1 de a\u00e7\u00e3o, aventura e fantasia publicado entre 2001 e 2010. Foi uma publica\u00e7\u00e3o de extremo sucesso, chegando a ser considerado \u201co melhor mang\u00e1 de todos os tempos\u201d, e a sua adapta\u00e7\u00e3o em anime, <em>Fullmetal Alchemist: Brotherhood<\/em>, considerado como \u201co melhor anime de todos os tempos\u201d. Na hist\u00f3ria acompanhamos dois irm\u00e3os alquimistas que, ap\u00f3s perderem seus corpos realizando uma transmuta\u00e7\u00e3o humana, est\u00e3o em busca da \u201cpedra filosofal\u201d para recuperarem seus corpos.<\/p>\n\n\n\n<p>Mesmo sendo uma obra voltada para pr\u00e9-adolescentes e adolescentes, a obra de Arakawa aborda diversos temas complexos, como: \u00e9tica, consequ\u00eancias e horrores da guerra, a vida, debates filos\u00f3ficos sobre Deus, fascismo, entre outros. Mas um ponto crucial da obra \u00e9 a quest\u00e3o da \u00e9tica e da evolu\u00e7\u00e3o cient\u00edfica, evolu\u00e7\u00e3o que n\u00e3o \u00e9 imparcial e positivista \u2013 pensamento que sup\u00f5e que o progresso \u00e9 algo sempre positivo -, pelo contr\u00e1rio: essa tecnologia, ou magia, n\u00e3o foi feita e entregue \u00e0 humanidade sem um prop\u00f3sito, por pura bondade, mas sim para fins nefastos mostrados ao decorrer da hist\u00f3ria. E o \u00e1pice da alquimia, da forma perfeita, \u00e9 a pedra filosofal, que s\u00f3 pode ser concebida de uma maneira horr\u00edvel.<\/p>\n\n\n\n<p>E quanto a nossa tecnologia e prosperidade? N\u00e3o podemos mudar a mat\u00e9ria apenas desenhando um c\u00edrculo de transmuta\u00e7\u00e3o no ch\u00e3o, mas temos recentemente mudado muitas realidades com not\u00edcias falsas que circulam pelo WhatsApp. A tecnologia que temos em nossas m\u00e3os n\u00e3o foi gerada do nada, a internet n\u00e3o foi descoberta como uma lei universal como a gravidade, ela foi criada e, diga-se de passagem, criada em ambiente militar. Ironicamente, as redes sociais que ocupamos na \u201crede mundial de computadores\u201d s\u00e3o tratadas como \u201cverdadeiros campos de guerra\u201d, seja pela esquerda, seja pela direita em busca de apoiadores.<\/p>\n\n\n\n<p>Deivison Faustino e Walter Lippold em seu livro <em>Colonialismo Digital: por uma cr\u00edtica hacker-fanoniana<\/em>, apontam que a programa\u00e7\u00e3o, os algoritmos \u201c&#8230; s\u00e3o receitas, sequ\u00eancias, previs\u00f5es&#8230; programas planejados por algu\u00e9m para determinado fim.\u201d (p. 42). Os dois autores falam sobre o fetichismo da tecnologia, que borra a nossa vis\u00e3o nos fazendo ignorar, ou n\u00e3o enxergar os verdadeiros interesses das \u201crevolu\u00e7\u00f5es tecnol\u00f3gicas\u201d, a tecnologia evolui e serve ao capitalismo, e isso n\u00e3o pode ser desvinculado nem minimizado.<\/p>\n\n\n\n<p>Longe de mim querer parecer reacion\u00e1rio sobre a tecnologia da sociedade contempor\u00e2nea, mas \u00e9 importante entender que as Big Techs que controlam o falecido Twitter (X), WhatsApp, Instagram, Telegram, possuem interesses econ\u00f4micos, pol\u00edticos e sociais, e n\u00e3o podemos apenas ignorar essa situa\u00e7\u00e3o. Podemos citar o esc\u00e2ndalo da Cambridge Analytica que levou Mark Zuckerberg ao tribunal estadunidense por coletar dados e manipular essas informa\u00e7\u00f5es durante o per\u00edodo eleitoral.<\/p>\n\n\n\n<p>A internet pode ser a nossa \u201cpedra filosofal\u201d, nosso maior avan\u00e7o tecnol\u00f3gico que permite uma comunica\u00e7\u00e3o praticamente instant\u00e2nea, mas essa \u201cpedra filosofal\u201d ainda se encontra nas m\u00e3os de big techs de interesse privado. E assim como no come\u00e7o do mang\u00e1 de FMA, uma fra\u00e7\u00e3o desse poder pode transformar uma pessoa insignificante, que n\u00e3o tenha escr\u00fapulos em um l\u00edder de uma seita com fi\u00e9is indom\u00e1veis, por um lado, e extremamente manipul\u00e1veis, por outro, que morreriam pelo seu l\u00edder e suas promessas vagas pautadas na f\u00e9.<\/p>\n\n\n\n<p>O candidato Pablo Mar\u00e7al \u00e9 o nosso padre Cornello, com uma fra\u00e7\u00e3o da \u201cpedra filosofal\u201d, essa fra\u00e7\u00e3o que corresponde a suas redes sociais, j\u00e1 consegue manipular e transformar a realidade a seu favor, Mar\u00e7al n\u00e3o \u00e9 dono de nenhuma rede social, t\u00e3o pouco \u00e9 o inventor da internet, n\u00e3o \u00e9 um hom\u00fanculo, ou aquele que os hom\u00fanculos chamam de Pai. Mar\u00e7al \u00e9 um vil\u00e3o de quinta do come\u00e7o de um gibi que serve de escada para o protagonista mostrar suas virtudes ao leitor. Por\u00e9m, na realidade n\u00e3o temos um heroi que ir\u00e1 nos salvar.<\/p>\n\n\n\n<p>Esse foi meu primeiro texto para essa coluna e me dei um desafio grande: juntar o livro que estou lendo para uma prova, <em>Fullmetal Alchemist<\/em> que eu tamb\u00e9m estou relendo e a candidatura do Pablo Mar\u00e7al. Espero que tenha conseguido fazer isso de uma maneira coesa e interessante, que tenha sido uma leitura agrad\u00e1vel at\u00e9 aqui! Agrade\u00e7o a Gisele pelo espa\u00e7o e espero escrever por aqui por um tempo, e sejam textos sempre interessantes ao leitor, at\u00e9 a pr\u00f3xima e obrigado pela leitura!<\/p>\n\n\n\n<p><\/p>\n\n\n\n<p>REFER\u00caNCIAS.<br><strong>Colonialismo digital: por uma cr\u00edtica hacker-fanoniana. FAUSTINO<\/strong>, Deivison;  <strong>LIPPOLD<\/strong>, Walter. \u2013 1 ed. \u2013 S\u00e3o Paulo: Boitempo, 2023.<\/p>\n\n\n\n<hr class=\"wp-block-separator has-alpha-channel-opacity is-style-wide\"\/>\n\n\n\n<div class=\"wp-block-media-text is-stacked-on-mobile\" style=\"grid-template-columns:19% auto\"><figure class=\"wp-block-media-text__media\"><img decoding=\"async\" width=\"640\" height=\"640\" src=\"https:\/\/jornalismo.mandanoticias.com.br\/wp-content\/uploads\/2024\/09\/Matheus.jpeg\" alt=\"\" class=\"wp-image-549 size-full\" srcset=\"https:\/\/jornalismo.mandanoticias.com.br\/wp-content\/uploads\/2024\/09\/Matheus.jpeg 640w, https:\/\/jornalismo.mandanoticias.com.br\/wp-content\/uploads\/2024\/09\/Matheus-300x300.jpeg 300w, https:\/\/jornalismo.mandanoticias.com.br\/wp-content\/uploads\/2024\/09\/Matheus-150x150.jpeg 150w, https:\/\/jornalismo.mandanoticias.com.br\/wp-content\/uploads\/2024\/09\/Matheus-600x600.jpeg 600w, https:\/\/jornalismo.mandanoticias.com.br\/wp-content\/uploads\/2024\/09\/Matheus-400x400.jpeg 400w\" sizes=\"(max-width: 640px) 100vw, 640px\" \/><\/figure><div class=\"wp-block-media-text__content\">\n<p><strong>Sobre a coluna<\/strong>: Anti-heroica \u00e9 uma coluna de opini\u00e3o e cr\u00edtica que aborda temas \u00e1cidos e provocativos dentro de obras de arte, principalmente quadrinhos e m\u00fasica, e convida o leitor a um debate fora da zona de conforto, em busca de uma reflex\u00e3o que desafia o senso de hero\u00edsmo messi\u00e2nico, a busca por respostas f\u00e1ceis e r\u00e1pidas.<br><br><strong>Matheus Monteiro<\/strong>: Historiador formado pela Universidade Estadual de S\u00e3o Paulo, morador do Cap\u00e3o Redondo, foi idealizador do 1\u00b0 PerifaCon. Realiza pesquisas na \u00e1rea de Hist\u00f3ria Cultural, com foco em quadrinhos, al\u00e9m de ser professor de dois cursinhos populares na cidade de S\u00e3o Paulo.<\/p>\n\n\n\n<p>Instagram: @<a href=\"https:\/\/www.instagram.com\/o_antiheroi\/#\">o_antiheroi<\/a><\/p>\n<\/div><\/div>\n","protected":false},"excerpt":{"rendered":"<p>Imagem AnimeNew Coluna Anti-heroicaPor: Matheus Monteiro \u201cVoc\u00eas s\u00e3o mesmo seres inferiores&#8230; Alegram-se e se tornam prepotentes logo que conseguem um grande poder para si. E continuam a us\u00e1-lo sem nem menos saberem do que se trata! Ainda acham que a atual prosperidade foi conseguida com suas pr\u00f3prias for\u00e7as! Isso \u00e9 rid\u00edculo! Seus tolos!\u201d, essa fala [&hellip;]<\/p>\n","protected":false},"author":7,"featured_media":624,"comment_status":"open","ping_status":"open","sticky":false,"template":"","format":"standard","meta":{"sb_editor_width":"","footnotes":""},"categories":[34,26,18],"tags":[23],"class_list":["post-623","post","type-post","status-publish","format-standard","has-post-thumbnail","hentry","category-anti-heroica","category-destaque","category-nerd-geek","tag-territorio-da-noticia"],"relative_dates":{"created":"2 anos ago","modified":"11 meses ago"},"_links":{"self":[{"href":"https:\/\/jornalismo.mandanoticias.com.br\/index.php\/wp-json\/wp\/v2\/posts\/623","targetHints":{"allow":["GET"]}}],"collection":[{"href":"https:\/\/jornalismo.mandanoticias.com.br\/index.php\/wp-json\/wp\/v2\/posts"}],"about":[{"href":"https:\/\/jornalismo.mandanoticias.com.br\/index.php\/wp-json\/wp\/v2\/types\/post"}],"author":[{"embeddable":true,"href":"https:\/\/jornalismo.mandanoticias.com.br\/index.php\/wp-json\/wp\/v2\/users\/7"}],"replies":[{"embeddable":true,"href":"https:\/\/jornalismo.mandanoticias.com.br\/index.php\/wp-json\/wp\/v2\/comments?post=623"}],"version-history":[{"count":9,"href":"https:\/\/jornalismo.mandanoticias.com.br\/index.php\/wp-json\/wp\/v2\/posts\/623\/revisions"}],"predecessor-version":[{"id":728,"href":"https:\/\/jornalismo.mandanoticias.com.br\/index.php\/wp-json\/wp\/v2\/posts\/623\/revisions\/728"}],"wp:featuredmedia":[{"embeddable":true,"href":"https:\/\/jornalismo.mandanoticias.com.br\/index.php\/wp-json\/wp\/v2\/media\/624"}],"wp:attachment":[{"href":"https:\/\/jornalismo.mandanoticias.com.br\/index.php\/wp-json\/wp\/v2\/media?parent=623"}],"wp:term":[{"taxonomy":"category","embeddable":true,"href":"https:\/\/jornalismo.mandanoticias.com.br\/index.php\/wp-json\/wp\/v2\/categories?post=623"},{"taxonomy":"post_tag","embeddable":true,"href":"https:\/\/jornalismo.mandanoticias.com.br\/index.php\/wp-json\/wp\/v2\/tags?post=623"}],"curies":[{"name":"wp","href":"https:\/\/api.w.org\/{rel}","templated":true}]}}