{"id":615,"date":"2024-09-18T16:14:57","date_gmt":"2024-09-18T19:14:57","guid":{"rendered":"https:\/\/jornalismo.mandanoticias.com.br\/?p=615"},"modified":"2024-09-30T17:12:17","modified_gmt":"2024-09-30T20:12:17","slug":"jovens-sao-a-maioria-do-eleitorado-em-sao-paulo","status":"publish","type":"post","link":"https:\/\/jornalismo.mandanoticias.com.br\/index.php\/2024\/09\/18\/jovens-sao-a-maioria-do-eleitorado-em-sao-paulo\/","title":{"rendered":"Jovens s\u00e3o a maioria do eleitorado em S\u00e3o Paulo"},"content":{"rendered":"\n<figure class=\"wp-block-gallery has-nested-images columns-default is-cropped wp-block-gallery-1 is-layout-flex wp-block-gallery-is-layout-flex\">\n<figure class=\"wp-block-image size-large\"><img fetchpriority=\"high\" decoding=\"async\" width=\"620\" height=\"300\" data-id=\"616\" src=\"https:\/\/jornalismo.mandanoticias.com.br\/wp-content\/uploads\/2024\/09\/1581645c-2083-4906-aad3-ff185b3f3c57.jpeg\" alt=\"\" class=\"wp-image-616\" srcset=\"https:\/\/jornalismo.mandanoticias.com.br\/wp-content\/uploads\/2024\/09\/1581645c-2083-4906-aad3-ff185b3f3c57.jpeg 620w, https:\/\/jornalismo.mandanoticias.com.br\/wp-content\/uploads\/2024\/09\/1581645c-2083-4906-aad3-ff185b3f3c57-300x145.jpeg 300w\" sizes=\"(max-width: 620px) 100vw, 620px\" \/><\/figure>\n<\/figure>\n\n\n\n<p>Foto Luiz Roberto Secom (TSE 2013)<\/p>\n\n\n\n<p><\/p>\n\n\n\n<p><mark style=\"background-color:#fcb900\" class=\"has-inline-color\">Elei\u00e7\u00f5es 2024<\/mark><\/p>\n\n\n\n<p class=\"has-text-align-left\"><em>Por: Carolina Rosa <\/em><\/p>\n\n\n\n<p class=\"has-text-align-center\">\u201cJovens s\u00e3o o maior grupo eleitoral nas elei\u00e7\u00f5es 2024 e buscam voz ativa na pol\u00edtica\u201d<\/p>\n\n\n\n<p>Nas elei\u00e7\u00f5es municipais de 2024, os jovens emergem como o maior grupo eleitoral. Segundo dados do Tribunal Superior Eleitoral (TSE), houve um aumento expressivo de 78% no n\u00famero de eleitores de 16 e 17 anos em rela\u00e7\u00e3o a 2020, totalizando mais de 1,8 milh\u00e3o de novos eleitores nessa faixa et\u00e1ria. Esse crescimento \u00e9 resultado tanto de uma maior conscientiza\u00e7\u00e3o pol\u00edtica quanto de campanhas do TSE que visam incentivar a participa\u00e7\u00e3o dos jovens, como a campanha &#8220;Bora Votar!&#8221;, vinculada na TV aberta.&nbsp;<\/p>\n\n\n\n<p>Embora representem apenas 1,17% do eleitorado, o impacto dos jovens eleitores \u00e9 significativo, especialmente em grandes centros urbanos como S\u00e3o Paulo, onde eles buscam maior representa\u00e7\u00e3o pol\u00edtica e engajamento com temas que afetam diretamente suas vidas. Temas como educa\u00e7\u00e3o, emprego, meio ambiente e direitos humanos t\u00eam atra\u00eddo a aten\u00e7\u00e3o desse grupo, e muitos candidatos t\u00eam adaptado suas campanhas para se conectar melhor com o p\u00fablico jovem, usando as redes sociais e linguagem acess\u00edvel.<\/p>\n\n\n\n<p>O engajamento dos jovens nas elei\u00e7\u00f5es de 2024 reflete um desejo crescente de influenciar decis\u00f5es pol\u00edticas e ver suas demandas representadas no poder, marcando uma mudan\u00e7a importante e urgente no cen\u00e1rio eleitoral brasileiro.<\/p>\n\n\n\n<p>Compreender o cen\u00e1rio das elei\u00e7\u00f5es municipais \u00e9 essencial, especialmente porque \u00e9 nesse n\u00edvel que as pol\u00edticas impactam diretamente a vida cotidiana da popula\u00e7\u00e3o, incluindo os jovens. As decis\u00f5es tomadas por prefeitos e vereadores afetam desde o transporte p\u00fablico at\u00e9 a educa\u00e7\u00e3o e a seguran\u00e7a, quest\u00f5es fundamentais para o bem-estar e o futuro da juventude. Analisar como os candidatos se posicionam em rela\u00e7\u00e3o a temas como emprego, inclus\u00e3o social, sustentabilidade e oportunidades educacionais pode ajudar a definir um voto consciente, voltado para a constru\u00e7\u00e3o de um ambiente mais promissor para as novas gera\u00e7\u00f5es.<\/p>\n\n\n\n<p class=\"has-medium-font-size\"><strong>O que os jovens buscam na pol\u00edtica<\/strong><\/p>\n\n\n\n<p>Essa gera\u00e7\u00e3o \u00e9 marcada por uma consci\u00eancia pol\u00edtica mais ativa, identificando-se profundamente com movimentos feministas, antirracistas, a agenda ambiental e a luta pelos direitos dos povos ind\u00edgenas. No entanto, essa busca por transforma\u00e7\u00f5es sociais muitas vezes \u00e9 acompanhada por um desejo de mudan\u00e7as r\u00e1pidas e revolucion\u00e1rias, o que pode colidir com o ritmo posto gradual e cauteloso que a pol\u00edtica segue.<\/p>\n\n\n\n<p>O eleitorado jovem compreende a import\u00e2ncia do di\u00e1logo e a capacidade de ouvir e negociar com diferentes perspectivas, tendo uma vis\u00e3o mais apurada, inclusive, sobre a polariza\u00e7\u00e3o, por outro lado, busca solu\u00e7\u00f5es e respostas inadi\u00e1veis que os tragam o verdadeiro entendimento de estar incluso na sociedade.<\/p>\n\n\n\n<p>Apesar desse engajamento, h\u00e1 um pessimismo generalizado entre os jovens em rela\u00e7\u00e3o ao futuro do Brasil. Problemas como desemprego, preconceito e a crise gerada pela pandemia fazem muitos verem o pa\u00eds como um lugar sem perspectivas, olhando principalmente o contexto dos jovens perif\u00e9ricos, que ainda busca acessos b\u00e1sicos de sobreviv\u00eancia.<\/p>\n\n\n\n<p><\/p>\n\n\n\n<p class=\"has-medium-font-size\"><strong>Campanhas pol\u00edticas<\/strong><\/p>\n\n\n\n<p>Dentro das campanhas de 2024, os planos de governo diminu\u00edram suas propostas trazendo planos sucintos e automaticamente reduzindo tamb\u00e9m o olhar para as periferias e a juventude, por\u00e9m, mesmo assim, \u00e9 poss\u00edvel observar que os candidatos est\u00e3o cientes do tamanho do eleitorado jovem e suas urg\u00eancias. Projetos que visam a ascens\u00e3o dos jovens com a inclus\u00e3o atrav\u00e9s da cultura, a diminui\u00e7\u00e3o da evas\u00e3o escolar e a campanhas alinhadas aos movimentos sociais, seguem planos que visam fomentar projetos propostos pelo governo federal, como o \u201cP\u00e9 de meia\u201d, que oferece incentivos financeiros aos estudantes e a tarifa zero, que beneficiar\u00e1 a todos, incluindo principalmente \u00e0 juventude. \u00a0<\/p>\n","protected":false},"excerpt":{"rendered":"<p>Foto Luiz Roberto Secom (TSE 2013) Elei\u00e7\u00f5es 2024 Por: Carolina Rosa \u201cJovens s\u00e3o o maior grupo eleitoral nas elei\u00e7\u00f5es 2024 e buscam voz ativa na pol\u00edtica\u201d Nas elei\u00e7\u00f5es municipais de 2024, os jovens emergem como o maior grupo eleitoral. Segundo dados do Tribunal Superior Eleitoral (TSE), houve um aumento expressivo de 78% no n\u00famero de [&hellip;]<\/p>\n","protected":false},"author":4,"featured_media":616,"comment_status":"open","ping_status":"open","sticky":false,"template":"","format":"standard","meta":{"sb_editor_width":"","footnotes":""},"categories":[26,21],"tags":[23],"class_list":["post-615","post","type-post","status-publish","format-standard","has-post-thumbnail","hentry","category-destaque","category-eleicoes-2024","tag-territorio-da-noticia"],"relative_dates":{"created":"2 anos ago","modified":"2 anos ago"},"_links":{"self":[{"href":"https:\/\/jornalismo.mandanoticias.com.br\/index.php\/wp-json\/wp\/v2\/posts\/615","targetHints":{"allow":["GET"]}}],"collection":[{"href":"https:\/\/jornalismo.mandanoticias.com.br\/index.php\/wp-json\/wp\/v2\/posts"}],"about":[{"href":"https:\/\/jornalismo.mandanoticias.com.br\/index.php\/wp-json\/wp\/v2\/types\/post"}],"author":[{"embeddable":true,"href":"https:\/\/jornalismo.mandanoticias.com.br\/index.php\/wp-json\/wp\/v2\/users\/4"}],"replies":[{"embeddable":true,"href":"https:\/\/jornalismo.mandanoticias.com.br\/index.php\/wp-json\/wp\/v2\/comments?post=615"}],"version-history":[{"count":3,"href":"https:\/\/jornalismo.mandanoticias.com.br\/index.php\/wp-json\/wp\/v2\/posts\/615\/revisions"}],"predecessor-version":[{"id":620,"href":"https:\/\/jornalismo.mandanoticias.com.br\/index.php\/wp-json\/wp\/v2\/posts\/615\/revisions\/620"}],"wp:featuredmedia":[{"embeddable":true,"href":"https:\/\/jornalismo.mandanoticias.com.br\/index.php\/wp-json\/wp\/v2\/media\/616"}],"wp:attachment":[{"href":"https:\/\/jornalismo.mandanoticias.com.br\/index.php\/wp-json\/wp\/v2\/media?parent=615"}],"wp:term":[{"taxonomy":"category","embeddable":true,"href":"https:\/\/jornalismo.mandanoticias.com.br\/index.php\/wp-json\/wp\/v2\/categories?post=615"},{"taxonomy":"post_tag","embeddable":true,"href":"https:\/\/jornalismo.mandanoticias.com.br\/index.php\/wp-json\/wp\/v2\/tags?post=615"}],"curies":[{"name":"wp","href":"https:\/\/api.w.org\/{rel}","templated":true}]}}