{"id":525,"date":"2024-09-10T13:41:40","date_gmt":"2024-09-10T16:41:40","guid":{"rendered":"https:\/\/jornalismo.mandanoticias.com.br\/?p=525"},"modified":"2024-09-12T13:23:48","modified_gmt":"2024-09-12T16:23:48","slug":"projeto-guri-no-ceu-campo-limpo","status":"publish","type":"post","link":"https:\/\/jornalismo.mandanoticias.com.br\/index.php\/2024\/09\/10\/projeto-guri-no-ceu-campo-limpo\/","title":{"rendered":"Projeto Guri no C\u00c9U Campo Limpo"},"content":{"rendered":"\n<p><mark style=\"background-color:#ff6900\" class=\"has-inline-color\">Juventudes<\/mark><\/p>\n\n\n\n<p>Por: Rose Martins<\/p>\n\n\n\n<p><\/p>\n\n\n\n<p>O Projeto Guri, um dos maiores programas socioculturais do pa\u00eds, est\u00e1 com matr\u00edculas abertas no polo do CEU Campo Limpo. As aulas s\u00e3o gratuitas e direcionadas a crian\u00e7as, adolescentes e adultos interessados em aprender m\u00fasica.<\/p>\n\n\n\n<p><\/p>\n\n\n\n<p>Os cursos oferecidos variam conforme a faixa et\u00e1ria. Para crian\u00e7as de 6 a 9 anos, h\u00e1 a <strong>Inicia\u00e7\u00e3o Musical Infantil<\/strong>, enquanto jovens de 10 a 18 anos podem se inscrever no curso <strong>Sequencial<\/strong>, com op\u00e7\u00f5es de instrumentos como flauta, clarinete, saxofone, trompete, violino, violoncelo, entre outros. Tamb\u00e9m h\u00e1 vagas para o curso de <strong>Inicia\u00e7\u00e3o Musical para Adultos<\/strong>, voltado para maiores de 19 anos.<\/p>\n\n\n\n<p><\/p>\n\n\n\n<div class=\"wp-block-group is-vertical is-layout-flex wp-container-core-group-is-layout-fe9cc265 wp-block-group-is-layout-flex\">\n<h2 class=\"wp-block-heading has-medium-font-size\"><strong>Servi\u00e7o<\/strong><br><br>As aulas acontecem na Avenida Carlos Lacerda, 678, no Bloco Cultural 2\u00ba andar \u2013 Pirajussara, das 8h \u00e0s 18h .\u00a0<br>As inscri\u00e7\u00f5es v\u00e3o at\u00e9 o dia 13 de setembro e os interessados devem comparecer na unidade para realizar a matr\u00edcula.\u00a0<strong>Saiba mais em: <\/strong><a href=\"https:\/\/souguri.art.br\/\">https:\/\/souguri.art.br\/<\/a><\/h2>\n<\/div>\n","protected":false},"excerpt":{"rendered":"<p>Juventudes Por: Rose Martins O Projeto Guri, um dos maiores programas socioculturais do pa\u00eds, est\u00e1 com matr\u00edculas abertas no polo do CEU Campo Limpo. As aulas s\u00e3o gratuitas e direcionadas a crian\u00e7as, adolescentes e adultos interessados em aprender m\u00fasica. Os cursos oferecidos variam conforme a faixa et\u00e1ria. Para crian\u00e7as de 6 a 9 anos, h\u00e1 [&hellip;]<\/p>\n","protected":false},"author":1,"featured_media":527,"comment_status":"open","ping_status":"open","sticky":false,"template":"","format":"standard","meta":{"sb_editor_width":"","footnotes":""},"categories":[1],"tags":[23],"class_list":["post-525","post","type-post","status-publish","format-standard","has-post-thumbnail","hentry","category-tecnologia","tag-territorio-da-noticia"],"relative_dates":{"created":"2 anos ago","modified":"2 anos ago"},"_links":{"self":[{"href":"https:\/\/jornalismo.mandanoticias.com.br\/index.php\/wp-json\/wp\/v2\/posts\/525","targetHints":{"allow":["GET"]}}],"collection":[{"href":"https:\/\/jornalismo.mandanoticias.com.br\/index.php\/wp-json\/wp\/v2\/posts"}],"about":[{"href":"https:\/\/jornalismo.mandanoticias.com.br\/index.php\/wp-json\/wp\/v2\/types\/post"}],"author":[{"embeddable":true,"href":"https:\/\/jornalismo.mandanoticias.com.br\/index.php\/wp-json\/wp\/v2\/users\/1"}],"replies":[{"embeddable":true,"href":"https:\/\/jornalismo.mandanoticias.com.br\/index.php\/wp-json\/wp\/v2\/comments?post=525"}],"version-history":[{"count":1,"href":"https:\/\/jornalismo.mandanoticias.com.br\/index.php\/wp-json\/wp\/v2\/posts\/525\/revisions"}],"predecessor-version":[{"id":528,"href":"https:\/\/jornalismo.mandanoticias.com.br\/index.php\/wp-json\/wp\/v2\/posts\/525\/revisions\/528"}],"wp:featuredmedia":[{"embeddable":true,"href":"https:\/\/jornalismo.mandanoticias.com.br\/index.php\/wp-json\/wp\/v2\/media\/527"}],"wp:attachment":[{"href":"https:\/\/jornalismo.mandanoticias.com.br\/index.php\/wp-json\/wp\/v2\/media?parent=525"}],"wp:term":[{"taxonomy":"category","embeddable":true,"href":"https:\/\/jornalismo.mandanoticias.com.br\/index.php\/wp-json\/wp\/v2\/categories?post=525"},{"taxonomy":"post_tag","embeddable":true,"href":"https:\/\/jornalismo.mandanoticias.com.br\/index.php\/wp-json\/wp\/v2\/tags?post=525"}],"curies":[{"name":"wp","href":"https:\/\/api.w.org\/{rel}","templated":true}]}}