{"id":507,"date":"2024-09-10T10:32:11","date_gmt":"2024-09-10T13:32:11","guid":{"rendered":"https:\/\/jornalismo.mandanoticias.com.br\/?p=507"},"modified":"2024-09-12T13:23:55","modified_gmt":"2024-09-12T16:23:55","slug":"curso-de-programacao-gratuito-com-inscricoes-limitadas","status":"publish","type":"post","link":"https:\/\/jornalismo.mandanoticias.com.br\/index.php\/2024\/09\/10\/curso-de-programacao-gratuito-com-inscricoes-limitadas\/","title":{"rendered":"Curso de Programa\u00e7\u00e3o gratuito com inscri\u00e7\u00f5es limitadas; confira"},"content":{"rendered":"\n<p><mark style=\"background-color:#ff6900\" class=\"has-inline-color has-black-color\">Juventudes<\/mark><\/p>\n\n\n\n<p><em>Por: Rose Martins<\/em><\/p>\n\n\n\n<p><\/p>\n\n\n\n<p>O <a href=\"https:\/\/www.proa.org.br\/proprofissao\/\" data-type=\"link\" data-id=\"https:\/\/www.proa.org.br\/proprofissao\/\">Instituto PROA <\/a>est\u00e1 com inscri\u00e7\u00f5es abertas para jovens de 17 at\u00e9 22 anos, para<strong> interessados em aprender sobre programar e trabalhar com tecnologia.<\/strong><\/p>\n\n\n\n<p><\/p>\n\n\n\n<p>A iniciativa faz parte do projeto PROPROFISS\u00c3O, O curso com dura\u00e7\u00e3o de seis meses totalmente gratuito. As aulas s\u00e3o semipresenciais, sendo duas presenciais no Senac Lapa Tito e tr\u00eas online por semana.&nbsp;<\/p>\n\n\n\n<p><\/p>\n\n\n\n<p>O instituto Proa, que tem o objetivo de capacitar e inserir jovens de baixa renda, vindos de escolas p\u00fablicas, fornece computador, uniforme e material para os alunos. Ap\u00f3s a conclus\u00e3o do curso, os alunos recebem um certificado do Senac garantindo um diferencial no mercado de trabalho.<\/p>\n\n\n\n<p><\/p>\n\n\n\n<p><\/p>\n\n\n\n<div class=\"wp-block-group is-layout-constrained wp-block-group-is-layout-constrained\">\n<div class=\"wp-block-group is-layout-constrained wp-block-group-is-layout-constrained\">\n<p class=\"has-medium-font-size\"><strong>Requisitos para participar;\u00a0<\/strong><\/p>\n\n\n\n<p class=\"has-small-font-size\"><br>&#8211; Ter entre 17 e 22 anos;<br>&#8211; Estar cursando ou ter conclu\u00eddo o 3\u00ba ano do Ensino M\u00e9dio em escola p\u00fablica;<br>&#8211; Morar na Grande S\u00e3o Paulo.<\/p>\n\n\n\n<p>As inscri\u00e7\u00f5es v\u00e3o at\u00e9 12 de outubro e as aulas t\u00eam in\u00edcio em fevereiro de 2025.&nbsp;<br>As vagas s\u00e3o limitadas, ent\u00e3o n\u00e3o perca essa oportunidade.<\/p>\n\n\n\n<p><strong>Para se inscrever acesse o link:<\/strong> <mark style=\"background-color:rgba(0, 0, 0, 0)\" class=\"has-inline-color has-vivid-cyan-blue-color\"><a href=\"https:\/\/www.proa.org.br\/proprofissao\/\">https:\/\/www.proa.org.br\/proprofissao\/<\/a>\u00a0<\/mark><br><strong>Saiba mais em: <\/strong><a href=\"https:\/\/www.proa.org.br\/\"><mark style=\"background-color:rgba(0, 0, 0, 0)\" class=\"has-inline-color has-vivid-cyan-blue-color\">https:\/\/www.proa.org.br\/<\/mark><\/a><\/p>\n<\/div>\n<\/div>\n","protected":false},"excerpt":{"rendered":"<p>Juventudes Por: Rose Martins O Instituto PROA est\u00e1 com inscri\u00e7\u00f5es abertas para jovens de 17 at\u00e9 22 anos, para interessados em aprender sobre programar e trabalhar com tecnologia. A iniciativa faz parte do projeto PROPROFISS\u00c3O, O curso com dura\u00e7\u00e3o de seis meses totalmente gratuito. As aulas s\u00e3o semipresenciais, sendo duas presenciais no Senac Lapa Tito [&hellip;]<\/p>\n","protected":false},"author":1,"featured_media":526,"comment_status":"closed","ping_status":"open","sticky":false,"template":"","format":"standard","meta":{"sb_editor_width":"","footnotes":""},"categories":[22,1],"tags":[23],"class_list":["post-507","post","type-post","status-publish","format-standard","has-post-thumbnail","hentry","category-juventudes","category-tecnologia","tag-territorio-da-noticia"],"relative_dates":{"created":"2 anos ago","modified":"2 anos ago"},"_links":{"self":[{"href":"https:\/\/jornalismo.mandanoticias.com.br\/index.php\/wp-json\/wp\/v2\/posts\/507","targetHints":{"allow":["GET"]}}],"collection":[{"href":"https:\/\/jornalismo.mandanoticias.com.br\/index.php\/wp-json\/wp\/v2\/posts"}],"about":[{"href":"https:\/\/jornalismo.mandanoticias.com.br\/index.php\/wp-json\/wp\/v2\/types\/post"}],"author":[{"embeddable":true,"href":"https:\/\/jornalismo.mandanoticias.com.br\/index.php\/wp-json\/wp\/v2\/users\/1"}],"replies":[{"embeddable":true,"href":"https:\/\/jornalismo.mandanoticias.com.br\/index.php\/wp-json\/wp\/v2\/comments?post=507"}],"version-history":[{"count":11,"href":"https:\/\/jornalismo.mandanoticias.com.br\/index.php\/wp-json\/wp\/v2\/posts\/507\/revisions"}],"predecessor-version":[{"id":522,"href":"https:\/\/jornalismo.mandanoticias.com.br\/index.php\/wp-json\/wp\/v2\/posts\/507\/revisions\/522"}],"wp:featuredmedia":[{"embeddable":true,"href":"https:\/\/jornalismo.mandanoticias.com.br\/index.php\/wp-json\/wp\/v2\/media\/526"}],"wp:attachment":[{"href":"https:\/\/jornalismo.mandanoticias.com.br\/index.php\/wp-json\/wp\/v2\/media?parent=507"}],"wp:term":[{"taxonomy":"category","embeddable":true,"href":"https:\/\/jornalismo.mandanoticias.com.br\/index.php\/wp-json\/wp\/v2\/categories?post=507"},{"taxonomy":"post_tag","embeddable":true,"href":"https:\/\/jornalismo.mandanoticias.com.br\/index.php\/wp-json\/wp\/v2\/tags?post=507"}],"curies":[{"name":"wp","href":"https:\/\/api.w.org\/{rel}","templated":true}]}}