{"id":462,"date":"2024-08-28T14:04:29","date_gmt":"2024-08-28T17:04:29","guid":{"rendered":"https:\/\/jornalismo.mandanoticias.com.br\/?p=462"},"modified":"2024-09-12T13:24:29","modified_gmt":"2024-09-12T16:24:29","slug":"guilherme-boulos-faz-comicio-na-zona-sul-de-sao-paulo-ao-lado-de-lula","status":"publish","type":"post","link":"https:\/\/jornalismo.mandanoticias.com.br\/index.php\/2024\/08\/28\/guilherme-boulos-faz-comicio-na-zona-sul-de-sao-paulo-ao-lado-de-lula\/","title":{"rendered":"Guilherme Boulos faz com\u00edcio na zona sul de S\u00e3o Paulo ao lado de Lula"},"content":{"rendered":"\n<p class=\"has-medium-font-size\"><em>Evento aconteceu no s\u00e1bado (24), na Pra\u00e7a do Campo Limpo, e contou com a presen\u00e7a do presidente Lula, ministros e candidatos a verean\u00e7a da cidade.\u00a0<br><\/em>Por: Carolina Rosa<\/p>\n\n\n\n<p><\/p>\n\n\n\n<figure class=\"wp-block-image size-full is-resized\"><img fetchpriority=\"high\" decoding=\"async\" width=\"774\" height=\"516\" src=\"https:\/\/jornalismo.mandanoticias.com.br\/wp-content\/uploads\/2024\/08\/Comicio-Campo-Limpo.webp\" alt=\"\" class=\"wp-image-463\" style=\"width:1100px;height:auto\" srcset=\"https:\/\/jornalismo.mandanoticias.com.br\/wp-content\/uploads\/2024\/08\/Comicio-Campo-Limpo.webp 774w, https:\/\/jornalismo.mandanoticias.com.br\/wp-content\/uploads\/2024\/08\/Comicio-Campo-Limpo-300x200.webp 300w, https:\/\/jornalismo.mandanoticias.com.br\/wp-content\/uploads\/2024\/08\/Comicio-Campo-Limpo-768x512.webp 768w\" sizes=\"(max-width: 774px) 100vw, 774px\" \/><\/figure>\n\n\n\n<p class=\"has-medium-font-size\">Aconteceu neste s\u00e1bado (24), o primeiro com\u00edcio expressivo da zona sul de S\u00e3o Paulo, do candidato \u00e0 Prefeitura, Guilherme Boulos (PSOL) e sua vice Marta Suplicy (PT). O candidato contou com a ilustre presen\u00e7a do presidente Luis In\u00e1cio Lula da Silva, e com ministros aliados, entre eles Marina Silva ministra do Meio Ambiente e Mudan\u00e7a do Clima, Silvio de Almeida ministro dos Direitos Humanos e da Cidadania e Paulo Teixeira ministro do Desenvolvimento Agr\u00e1rio e Agricultura Familiar.&nbsp;<\/p>\n\n\n\n<p><\/p>\n\n\n\n<p class=\"has-medium-font-size\">O com\u00edcio foi realizado na Pra\u00e7a do Campo Limpo, importante ponto cultural, espa\u00e7o de lazer e da economia criativa da regi\u00e3o, onde acontecem diversas atividades e a\u00e7\u00f5es envolvendo as regi\u00f5es do Campo Limpo, Cap\u00e3o Redondo, Jardim S\u00e3o Luiz, Jardim \u00c2ngela, assim como munic\u00edpios vizinhos de Tabo\u00e3o da Serra, Embu, entre outros.&nbsp;<\/p>\n\n\n\n<p><\/p>\n\n\n\n<p class=\"has-medium-font-size\">A abertura do evento foi feito pela ministra Marina Silva, que falou sobre planejamentos poss\u00edveis e sustent\u00e1veis da maior cidade do pa\u00eds, especialmente com a inclus\u00e3o de \u00e1reas mais vulner\u00e1veis como as periferias, \u00e1reas que sofrem cotidianamente com o racismo ambiental, por meio de obras que ignoram o desenvolvimento dos territ\u00f3rios para a qualidade de vida das popula\u00e7\u00f5es residentes.&nbsp;<\/p>\n\n\n\n<p><\/p>\n\n\n\n<p class=\"has-medium-font-size\">Marina tamb\u00e9m usou o seu tempo para refor\u00e7ar a import\u00e2ncia da campanha de Boulos estar de fato comprometida com a cidade, apresentando seu plano de governo de forma respons\u00e1vel e n\u00e3o dando \u00eanfase em trocar insultos com os demais candidatos.<\/p>\n\n\n\n<p class=\"has-medium-font-size\"><br>\u201c(&#8230;) Ficam na l\u00f3gica da desqualifica\u00e7\u00e3o, ou seja, ao inv\u00e9s de discutir o que \u00e9 bom para S\u00e3o Paulo e para as pessoas daqui, t\u00eam como estrat\u00e9gia destruir advers\u00e1rios, eu nunca vi algu\u00e9m entrar em uma campanha para insultar o outro e n\u00e3o ter como objetivo trazer seu planejamento, \u00e9 uma perda de oportunidade (&#8230;) Ent\u00e3o vamos debater S\u00e3o Paulo para sua melhoria, como Marta e Boulos j\u00e1 est\u00e3o fazendo\u201d, afirmou a ministra.&nbsp;<\/p>\n\n\n\n<p class=\"has-medium-font-size\"><\/p>\n\n\n\n<p class=\"has-medium-font-size\">Em seguida, Marta Suplicy, vice-prefeita, mencionou o qu\u00e3o essencial ser\u00e1 para a campanha de Boulos, fortalecer espa\u00e7os femininos de decis\u00e3o, entregando 50% das Secretarias do munic\u00edpio \u00e0s mulheres. Disse, ainda, que vai unir sua experi\u00eancia de ex-prefeita com a coragem e for\u00e7a da juventude de Guilherme. Segundo ela, essa uni\u00e3o pode proporcionar uma gest\u00e3o que governar\u00e1 para todos de forma equ\u00e2nime e justa.<\/p>\n\n\n\n<p><\/p>\n\n\n\n<p class=\"has-medium-font-size\">O Presidente Luiz In\u00e1cio Lula da Silva, que esteve presente no com\u00edcio da zona sul, se alegrou ao afirmar sua presen\u00e7a e sua convic\u00e7\u00e3o em contribuir pela primeira vez com um candidato que n\u00e3o integra o Partido dos Trabalhadores (PT), tendo certeza da capacidade de Boulos e sua chapa com Marta Suplicy.&nbsp;<\/p>\n\n\n\n<p><\/p>\n\n\n\n<p class=\"has-medium-font-size\">\u201cMe alegro em fazer parte dessa campanha, pois estou convicto e confio nas pessoas envolvidas neste projeto pol\u00edtico, n\u00e3o estamos discutindo interesses partid\u00e1rios e sim o plano da maior cidade do pa\u00eds, que merece sair da in\u00e9rcia que est\u00e1 h\u00e1 alguns anos. Tenho certeza que a uni\u00e3o de Boulos e Marta Suplicy trar\u00e1 bons frutos\u201d, concluiu Lula.<\/p>\n\n\n\n<p><\/p>\n\n\n\n<p class=\"has-medium-font-size\">O presidente tamb\u00e9m trouxe em seu discurso a necessidade dos eleitores de S\u00e3o Paulo e meios de comunica\u00e7\u00e3o se atentarem as <em>fake news <\/em>que est\u00e3o presentes, inclusive, dando visibilidade a falsos candidatos que n\u00e3o tem substancial para gerir uma cidade, que n\u00e3o \u00e9 administrada visando somente n\u00famero, mas, sim, dando aten\u00e7\u00e3o \u00e0s pessoas, verdadeira riqueza da sociedade.&nbsp;<\/p>\n\n\n\n<p><\/p>\n\n\n\n<p class=\"has-medium-font-size\">\u201cN\u00e3o podemos achar que uma pessoa que n\u00e3o entende sobre pol\u00edtica e aparece como \u2018bom mo\u00e7o\u2019 seja capaz de gerir uma cidade como ela deve, assim como tamb\u00e9m n\u00e3o podemos achar que uma raposa poder\u00e1 cuidar do galinheiro (&#8230;) falsas promessas, not\u00edcias e reputa\u00e7\u00e3o devem ser evitadas com boas propostas de uma gest\u00e3o que governar\u00e1 para todas as pessoas, sem distin\u00e7\u00e3o\u201d.&nbsp;<\/p>\n\n\n\n<p><\/p>\n\n\n\n<p class=\"has-medium-font-size\">O candidato a prefeito do PSOL, comentou sobre a sua rela\u00e7\u00e3o com o territ\u00f3rio do Campo Limpo, onde mora h\u00e1 cerca de 10 anos, e afirmou que se mudou gra\u00e7as a sua companheira que nasceu e foi criada no bairro. Guilherme Boulos citou diversos problemas da regi\u00e3o, sobretudo a falta de infraestrutura envolvendo enchentes que prejudicam anualmente a vida da popula\u00e7\u00e3o local. Dentre alguns dos temas trazidos, destacamos os principais:&nbsp;<\/p>\n\n\n\n<p><\/p>\n\n\n\n<p class=\"has-medium-font-size\"><strong>Mobilidade urbana<\/strong><\/p>\n\n\n\n<p class=\"has-medium-font-size\">Boulos enfatizou seu comprometimento com a melhoria do acesso nas \u00e1reas extremas da cidade, reestruturando a mobilidade urbana que, segundo ele, deve ser um direito acess\u00edvel a todos, e que o transporte p\u00fablico deve ser mais eficiente, para a cidade chegar em um patamar menos dependente de carros particulares, que contribuem para o congestionamento e a polui\u00e7\u00e3o.&nbsp;<\/p>\n\n\n\n<p class=\"has-medium-font-size\">\u201cN\u00f3s colocaremos toda a frota na rua, modernizando as linhas em territ\u00f3rios que ainda s\u00e3o carentes de acesso, possibilitando maior mobilidade e tempo de qualidade a todos e todas\u201d, afirmou.&nbsp;<\/p>\n\n\n\n<p><\/p>\n\n\n\n<p class=\"has-medium-font-size\"><strong>Cultura e Lazer<\/strong><\/p>\n\n\n\n<p class=\"has-medium-font-size\">O candidato declarou seu espanto em observar como as periferias da cidade de S\u00e3o Paulo n\u00e3o possuem estrutura para oferecer cultura e lazer aos seus moradores, com a aus\u00eancia de Casas e Centros Culturais com bons subs\u00eddios financeiros, assim como Teatros e Cinemas que s\u00e3o cada vez mais dif\u00edceis de serem encontrados a pre\u00e7os vi\u00e1veis para popula\u00e7\u00e3o.&nbsp;<\/p>\n\n\n\n<p class=\"has-medium-font-size\">Boulos reafirmou fazer parte do seu plano de governo, um olhar dedicado \u00e0 cultura com aumento de investimentos e amplia\u00e7\u00e3o de or\u00e7amentos para eventos culturais, manuten\u00e7\u00e3o e reforma desses espa\u00e7os. O mesmo para a cria\u00e7\u00e3o de mais centros de fomentos \u00e0 cultura, buscando democratiza\u00e7\u00e3o, sempre com o intuito de unir cultura e educa\u00e7\u00e3o, priorizando esferas que conseguem ensinar a juventude novos saberes.&nbsp;<\/p>\n\n\n\n<p class=\"has-medium-font-size\">\u201cNosso governo estar\u00e1 dedicado a investir em eventos e festivais culturais gratuitos ou de baixo custo, promovendo diversidade e integra\u00e7\u00e3o entre as diversas linguagens art\u00edsticas dentro das regi\u00f5es e comunidades\u201d, completou o candidato.&nbsp;&nbsp;<\/p>\n\n\n\n<p><\/p>\n\n\n\n<p class=\"has-medium-font-size\"><strong>Sa\u00fade e Habita\u00e7\u00e3o&nbsp;<\/strong><\/p>\n\n\n\n<p class=\"has-medium-font-size\">O plano de governo apresentado pelo candidato do PSOL, inclui a melhoria e a expans\u00e3o dos servi\u00e7os, findando as filas de espera nas unidades de sa\u00fade, assim como melhorias no sistema de intelig\u00eancia do SUS para que as consultas tenham prioridade para serem marcadas nos territ\u00f3rios em que os pacientes residem, diminuindo custos com transporte.<\/p>\n\n\n\n<p><\/p>\n\n\n\n<p class=\"has-medium-font-size\">Al\u00e9m disso, Guilherme Boulos comentou sobre estrat\u00e9gias de implementa\u00e7\u00e3o de projetos para a constru\u00e7\u00e3o de novas moradias, como o \u201cPlano de Urbaniza\u00e7\u00e3o Integradas das Favelas\u201d, em que prop\u00f5e uma din\u00e2mica efetiva de melhoria de vida nas comunidades de favelas e fornecimento descomplicado para regulariza\u00e7\u00e3o da posse de terra, garantindo seguran\u00e7a aos moradores da cidade de S\u00e3o Paulo.<br><\/p>\n\n\n\n<p class=\"has-medium-font-size\">Para saber mais sobre o plano de governo de Guilherme Boulos, acesse: <a href=\"https:\/\/guilhermeboulos.com.br\/\">https:\/\/guilhermeboulos.com.br\/<\/a><\/p>\n","protected":false},"excerpt":{"rendered":"<p>Evento aconteceu no s\u00e1bado (24), na Pra\u00e7a do Campo Limpo, e contou com a presen\u00e7a do presidente Lula, ministros e candidatos a verean\u00e7a da cidade.\u00a0Por: Carolina Rosa Aconteceu neste s\u00e1bado (24), o primeiro com\u00edcio expressivo da zona sul de S\u00e3o Paulo, do candidato \u00e0 Prefeitura, Guilherme Boulos (PSOL) e sua vice Marta Suplicy (PT). O [&hellip;]<\/p>\n","protected":false},"author":4,"featured_media":464,"comment_status":"open","ping_status":"open","sticky":false,"template":"","format":"standard","meta":{"sb_editor_width":"","footnotes":""},"categories":[21,15],"tags":[23],"class_list":["post-462","post","type-post","status-publish","format-standard","has-post-thumbnail","hentry","category-eleicoes-2024","category-politica","tag-territorio-da-noticia"],"relative_dates":{"created":"2 anos ago","modified":"2 anos ago"},"_links":{"self":[{"href":"https:\/\/jornalismo.mandanoticias.com.br\/index.php\/wp-json\/wp\/v2\/posts\/462","targetHints":{"allow":["GET"]}}],"collection":[{"href":"https:\/\/jornalismo.mandanoticias.com.br\/index.php\/wp-json\/wp\/v2\/posts"}],"about":[{"href":"https:\/\/jornalismo.mandanoticias.com.br\/index.php\/wp-json\/wp\/v2\/types\/post"}],"author":[{"embeddable":true,"href":"https:\/\/jornalismo.mandanoticias.com.br\/index.php\/wp-json\/wp\/v2\/users\/4"}],"replies":[{"embeddable":true,"href":"https:\/\/jornalismo.mandanoticias.com.br\/index.php\/wp-json\/wp\/v2\/comments?post=462"}],"version-history":[{"count":2,"href":"https:\/\/jornalismo.mandanoticias.com.br\/index.php\/wp-json\/wp\/v2\/posts\/462\/revisions"}],"predecessor-version":[{"id":490,"href":"https:\/\/jornalismo.mandanoticias.com.br\/index.php\/wp-json\/wp\/v2\/posts\/462\/revisions\/490"}],"wp:featuredmedia":[{"embeddable":true,"href":"https:\/\/jornalismo.mandanoticias.com.br\/index.php\/wp-json\/wp\/v2\/media\/464"}],"wp:attachment":[{"href":"https:\/\/jornalismo.mandanoticias.com.br\/index.php\/wp-json\/wp\/v2\/media?parent=462"}],"wp:term":[{"taxonomy":"category","embeddable":true,"href":"https:\/\/jornalismo.mandanoticias.com.br\/index.php\/wp-json\/wp\/v2\/categories?post=462"},{"taxonomy":"post_tag","embeddable":true,"href":"https:\/\/jornalismo.mandanoticias.com.br\/index.php\/wp-json\/wp\/v2\/tags?post=462"}],"curies":[{"name":"wp","href":"https:\/\/api.w.org\/{rel}","templated":true}]}}