{"id":408,"date":"2024-08-19T20:24:53","date_gmt":"2024-08-19T23:24:53","guid":{"rendered":"https:\/\/jornalismo.mandanoticias.com.br\/?p=408"},"modified":"2024-09-12T13:24:53","modified_gmt":"2024-09-12T16:24:53","slug":"lazer-e-resistencia-conheca-duas-batalhas-de-rima-da-zona-sul-de-sao-paulo","status":"publish","type":"post","link":"https:\/\/jornalismo.mandanoticias.com.br\/index.php\/2024\/08\/19\/lazer-e-resistencia-conheca-duas-batalhas-de-rima-da-zona-sul-de-sao-paulo\/","title":{"rendered":"Lazer e resist\u00eancia: conhe\u00e7a duas Batalhas de Rima da Zona Sul de S\u00e3o Paulo"},"content":{"rendered":"\n<p class=\"has-medium-font-size\"><em>Partindo dos princ\u00edpios do movimento hip hop, os eventos s\u00e3o importantes para promover a liberdade de express\u00e3o, a luta por direitos e o acesso \u00e0 cultura nas periferias<\/em>.<\/p>\n\n\n\n<p class=\"has-medium-font-size\"><\/p>\n\n\n\n<p class=\"has-medium-font-size\">Por Lyan Arruda<\/p>\n\n\n\n<p class=\"has-text-align-center has-medium-font-size\"><img fetchpriority=\"high\" decoding=\"async\" width=\"1000\" height=\"1293\" class=\"wp-image-409\" style=\"width: 1000px;\" src=\"https:\/\/jornalismo.mandanoticias.com.br\/wp-content\/uploads\/2024\/08\/Kaio-Quinto-2.jpg\" alt=\"\" srcset=\"https:\/\/jornalismo.mandanoticias.com.br\/wp-content\/uploads\/2024\/08\/Kaio-Quinto-2.jpg 808w, https:\/\/jornalismo.mandanoticias.com.br\/wp-content\/uploads\/2024\/08\/Kaio-Quinto-2-232x300.jpg 232w, https:\/\/jornalismo.mandanoticias.com.br\/wp-content\/uploads\/2024\/08\/Kaio-Quinto-2-792x1024.jpg 792w, https:\/\/jornalismo.mandanoticias.com.br\/wp-content\/uploads\/2024\/08\/Kaio-Quinto-2-768x993.jpg 768w\" sizes=\"(max-width: 1000px) 100vw, 1000px\" \/><\/p>\n\n\n\n<p class=\"has-text-align-center\"><em>Batalha do Parque Santo Ant\u00f4nio. Foto: Kaio Quinto<\/em><\/p>\n\n\n\n<p><\/p>\n\n\n\n<p class=\"has-medium-font-size\">As batalhas da rima surgiram quase ao mesmo tempo que o rap, fosse por meio de \u201cdiss\u201d, faixa em que os rappers se enfrentavam, ou seja, por uma briga improvisada entre MCs nas ruas do Bronx, Nova York, o ber\u00e7o do hip hop na d\u00e9cada de 1970. Acredita-se que tenham come\u00e7ado na cena da Costa Leste, no final dos anos 1980. Uma das primeiras e mais not\u00f3rias lutas ocorreu em dezembro de 1982, quando Kool Moe Dee enfrentou Busy Bee Starski.<\/p>\n\n\n\n<p class=\"has-medium-font-size\"><\/p>\n\n\n\n<p class=\"has-medium-font-size\">Elas chegaram no Brasil aproximadamente nos anos 2000, as primeiras equipes (tamb\u00e9m chamadas de crews) se reuniram na Galeria 24 de Maio, no centro de S\u00e3o Paulo. Muitas dos MCs se incentivaram a rimar e fazer as batalhas por contas dos rappers da \u00e9poca como Racionais MC\u2019s, Sabotage entre outros que influenciam a juventude na \u00e9poca.<\/p>\n\n\n\n<p class=\"has-medium-font-size\"><\/p>\n\n\n\n<p class=\"has-medium-font-size\">\u201cEu comecei a rimar justamente depois que comecei a ouvir Tupac, Marcelo D2, Sabotage, Racionais, entre outros v\u00e1rios grandes artistas. Eles me influenciaram a come\u00e7ar a olhar mais para o sistema, o jogo social, o jogo pol\u00edtico e conseguir entender que o que nos \u00e9 dado \u00e9 sempre o m\u00ednimo para falar que deram alguma coisa, quando, na verdade, n\u00e3o que \u00e9 o suficiente\u201d, Gabriel Cypriano, 28 anos, MC e morador do Cap\u00e3o Redondo.<\/p>\n\n\n\n<p class=\"has-medium-font-size\">Muitas das batalhas se tornaram um movimento pol\u00edtico, vamos falar sobre duas delas que acontecem no distrito do Cap\u00e3o Redondo: Batalha do PSA (Parque Santo Ant\u00f4nio) e a Batalha da Lil\u00e1s.<\/p>\n\n\n\n<p class=\"has-medium-font-size\"><\/p>\n\n\n\n<p class=\"has-medium-font-size\">\u201cA Batalha do PSA \u00e9 um movimento 100% pol\u00edtico. Porque \u00e9 um movimento da cultura hip hop e a cultura foi criada por pessoas negras para combater o sistema\u201d, conta Fabia Roberta, 40 anos, produtora cultural e uma das organizadoras da Batalha do PSA.<\/p>\n\n\n\n<p class=\"has-medium-font-size\">As causa sociais e a luta por direitos fazem parte desse movimento, como conta Leonardo Henrique (vulgo Leozin), de 20 anos, morador do Jardim \u00c2ngela e um dos organizadores da Batalha da Lil\u00e1s: \u201cAcho que vai al\u00e9m, depende do que voc\u00ea quer dizer com \u2018movimento pol\u00edtico\u2019, mas n\u00e3o deixa de ser um movimento que levanta bandeiras, principalmente a das meninas e mulheres. Posso falar com seguran\u00e7a, que somos a batalha de rima de S\u00e3o Paulo que mais inclui mulheres na cidade\u201d, diz.<\/p>\n\n\n\n<p class=\"has-medium-font-size\"><\/p>\n\n\n\n<p class=\"has-medium-font-size\">E por conta das batalhas terem se popularizado justamente nas periferias, ao inv\u00e9s das \u00e1reas nobres, os MC que vivem nesse contexto social e que participam dos eventos, tem como inten\u00e7\u00e3o abordar temas importantes para essa popula\u00e7\u00e3o de forma mais vis\u00edveis, com intuito de provocar mudan\u00e7as positivas.&nbsp;<\/p>\n\n\n\n<p class=\"has-medium-font-size\"><\/p>\n\n\n\n<p class=\"has-medium-font-size\">\u201c\u00c9 importante que as pessoas possam ter liberdade de express\u00e3o, possam fazer suas cr\u00edticas e compartilhar ideias. \u00c9 um lugar elas se sentem acolhidas e se identificam muito com suas realidades. Al\u00e9m disso, \u00e9 um lugar onde h\u00e1 motiva\u00e7\u00e3o para enxergamos que podemos ser gigantes\u201d, diz Matheus Cypriano, 26 anos, morador do Cap\u00e3o Redondo e participantes de batalhas.<\/p>\n\n\n\n<p class=\"has-medium-font-size\"><\/p>\n\n\n\n<p class=\"has-medium-font-size\">Mas n\u00e3o \u00e9 s\u00f3 de luta que as batalhas s\u00e3o feitas, pelo contr\u00e1rio, esses eventos s\u00e3o importantes para promover a cultura nas periferias da cidade, como conta Edvaldo Ribeiro (Neto), de 25 anos, morador do Cap\u00e3o Redondo: \u201cPeriferia \u00e9 periferia, sempre vai ter algu\u00e9m que se identifique, algu\u00e9m que tenha alguma letra, algum talento e \u00e9 assim que eu acho nasce um artista! Acho que a import\u00e2ncia da rima na periferia \u00e9 as pessoas poderem brincar, se divertir, mostrar ou despertar o seu pr\u00f3prio talento\u201d, conta.<\/p>\n\n\n\n<p class=\"has-medium-font-size\"><\/p>\n\n\n\n<p class=\"has-medium-font-size\"><strong>Servi\u00e7o<\/strong><\/p>\n\n\n\n<p class=\"has-medium-font-size\"><strong>Batalha do PSA (Parque Santo Ant\u00f4nio)<\/strong><\/p>\n\n\n\n<p class=\"has-medium-font-size\">Local: Em frente a E.E. Arnaldo Laurindo, que fica na Rua Altino Alves de Abreu, 110 &#8211; Parque Santo Ant\u00f4nio, S\u00e3o Paulo<\/p>\n\n\n\n<p class=\"has-medium-font-size\">Dia e hor\u00e1rio: toda segunda-feira, a partir das 19h<\/p>\n\n\n\n<p class=\"has-medium-font-size\"><strong>Batalha da Lil\u00e1s<\/strong><\/p>\n\n\n\n<p class=\"has-medium-font-size\">Local: em frente a esta\u00e7\u00e3o Cap\u00e3o Redondo do metr\u00f4, altura do n\u00famero 4.765 da Av. Carlos Caldeira Filho<\/p>\n\n\n\n<p class=\"has-medium-font-size\">Dia e hor\u00e1rio: todo domingo, a partir das 19h<span id=\"docs-internal-guid-d96568fd-7fff-6f4e-b831-51c65cde51d2\"><div><span style=\"font-size: 11pt; font-family: Arial, sans-serif; color: rgb(0, 0, 0); background-color: transparent; font-variant-numeric: normal; font-variant-east-asian: normal; font-variant-alternates: normal; font-variant-position: normal; vertical-align: baseline;\"><\/span><\/div><\/span><\/p>\n","protected":false},"excerpt":{"rendered":"<p>Partindo dos princ\u00edpios do movimento hip hop, os eventos s\u00e3o importantes para promover a liberdade de express\u00e3o, a luta por direitos e o acesso \u00e0 cultura nas periferias. Por Lyan Arruda Batalha do Parque Santo Ant\u00f4nio. Foto: Kaio Quinto As batalhas da rima surgiram quase ao mesmo tempo que o rap, fosse por meio de [&hellip;]<\/p>\n","protected":false},"author":5,"featured_media":410,"comment_status":"open","ping_status":"open","sticky":false,"template":"","format":"standard","meta":{"sb_editor_width":"","footnotes":""},"categories":[13,22],"tags":[23],"class_list":["post-408","post","type-post","status-publish","format-standard","has-post-thumbnail","hentry","category-cultura","category-juventudes","tag-territorio-da-noticia"],"relative_dates":{"created":"2 anos ago","modified":"2 anos ago"},"_links":{"self":[{"href":"https:\/\/jornalismo.mandanoticias.com.br\/index.php\/wp-json\/wp\/v2\/posts\/408","targetHints":{"allow":["GET"]}}],"collection":[{"href":"https:\/\/jornalismo.mandanoticias.com.br\/index.php\/wp-json\/wp\/v2\/posts"}],"about":[{"href":"https:\/\/jornalismo.mandanoticias.com.br\/index.php\/wp-json\/wp\/v2\/types\/post"}],"author":[{"embeddable":true,"href":"https:\/\/jornalismo.mandanoticias.com.br\/index.php\/wp-json\/wp\/v2\/users\/5"}],"replies":[{"embeddable":true,"href":"https:\/\/jornalismo.mandanoticias.com.br\/index.php\/wp-json\/wp\/v2\/comments?post=408"}],"version-history":[{"count":3,"href":"https:\/\/jornalismo.mandanoticias.com.br\/index.php\/wp-json\/wp\/v2\/posts\/408\/revisions"}],"predecessor-version":[{"id":413,"href":"https:\/\/jornalismo.mandanoticias.com.br\/index.php\/wp-json\/wp\/v2\/posts\/408\/revisions\/413"}],"wp:featuredmedia":[{"embeddable":true,"href":"https:\/\/jornalismo.mandanoticias.com.br\/index.php\/wp-json\/wp\/v2\/media\/410"}],"wp:attachment":[{"href":"https:\/\/jornalismo.mandanoticias.com.br\/index.php\/wp-json\/wp\/v2\/media?parent=408"}],"wp:term":[{"taxonomy":"category","embeddable":true,"href":"https:\/\/jornalismo.mandanoticias.com.br\/index.php\/wp-json\/wp\/v2\/categories?post=408"},{"taxonomy":"post_tag","embeddable":true,"href":"https:\/\/jornalismo.mandanoticias.com.br\/index.php\/wp-json\/wp\/v2\/tags?post=408"}],"curies":[{"name":"wp","href":"https:\/\/api.w.org\/{rel}","templated":true}]}}