{"id":1567,"date":"2026-01-24T17:14:16","date_gmt":"2026-01-24T20:14:16","guid":{"rendered":"https:\/\/jornalismo.mandanoticias.com.br\/?p=1567"},"modified":"2026-02-19T15:03:26","modified_gmt":"2026-02-19T18:03:26","slug":"nao-foi-a-chuva-que-matou-maria-deusdete-e-marcos-foi-o-descaso-do-poder-publico","status":"publish","type":"post","link":"https:\/\/jornalismo.mandanoticias.com.br\/index.php\/2026\/01\/24\/nao-foi-a-chuva-que-matou-maria-deusdete-e-marcos-foi-o-descaso-do-poder-publico\/","title":{"rendered":"N\u00e3o foi a chuva que matou Maria Deusdete e Marcos, foi o descaso do poder p\u00fablico"},"content":{"rendered":"\n<figure class=\"wp-block-image size-full\"><img fetchpriority=\"high\" decoding=\"async\" width=\"1000\" height=\"750\" src=\"https:\/\/jornalismo.mandanoticias.com.br\/wp-content\/uploads\/2026\/01\/Foto-Abraao-CruzTV-Globo.jpg\" alt=\"\" class=\"wp-image-1569\" srcset=\"https:\/\/jornalismo.mandanoticias.com.br\/wp-content\/uploads\/2026\/01\/Foto-Abraao-CruzTV-Globo.jpg 1000w, https:\/\/jornalismo.mandanoticias.com.br\/wp-content\/uploads\/2026\/01\/Foto-Abraao-CruzTV-Globo-300x225.jpg 300w, https:\/\/jornalismo.mandanoticias.com.br\/wp-content\/uploads\/2026\/01\/Foto-Abraao-CruzTV-Globo-768x576.jpg 768w\" sizes=\"(max-width: 1000px) 100vw, 1000px\" \/><figcaption class=\"wp-element-caption\">Corpo de Bombeiros nas buscas pelos corpos de Maria Deusdete e Marcos da Mata | Foto: Abra\u00e3o Cruz\/TV Globo<\/figcaption><\/figure>\n\n\n\n<p><em>Por Gisele Alexandre<\/em><\/p>\n\n\n\n<p><\/p>\n\n\n\n<p>Era 17h31, do dia 16 de janeiro, sexta-feira, quando recebi o aviso da <a href=\"https:\/\/www.instagram.com\/p\/DSVmdq0DoF4\/\"><strong>Defesa Civil no meu celular sobre as fortes chuvas na Capital<\/strong><\/a>. Cerca de 40 minutos depois, recebi o primeiro v\u00eddeo, era da minha m\u00e3e dizendo que a rua dela, mais uma vez, tinha virado um rio.<br><br>Minha m\u00e3e mora h\u00e1 37 anos na Cohab Adventista (Rua Marmeleira da \u00cdndia x Rua dos Mercant\u00e9is), passei minha inf\u00e2ncia e adolesc\u00eancia vendo o c\u00f3rrego Moenda Velha transbordar, levando tudo que encontrava. Foi l\u00e1 que <a href=\"https:\/\/g1.globo.com\/sp\/sao-paulo\/noticia\/2025\/02\/07\/apos-fortes-chuvas-jovem-desaparece-na-enxurrada-no-capao-redondo-zona-sul-de-sp-carro-dele-foi-achado-dentro-de-corrego.ghtml\"><strong>Erick Silva, jovem de 24 anos, teve seu carro levado pelas \u00e1guas do c\u00f3rrego em 06\/02\/2025<\/strong><\/a>, seu corpo nunca foi encontrado.<\/p>\n\n\n\n<p>Tenho certeza que o caso de Erick n\u00e3o foi o primeiro, mas conquistou relev\u00e2ncia midi\u00e1tica, principalmente por conta das m\u00eddias comunit\u00e1rias, como<strong> <a href=\"https:\/\/www.instagram.com\/capaoatento\/\">Cap\u00e3o Atento<\/a>, <a href=\"https:\/\/www.instagram.com\/capaonews\/\">Cap\u00e3o News<\/a> e <a href=\"https:\/\/www.instagram.com\/vilaandradenews\/\">Vila Andrade News<\/a><\/strong>, que t\u00eam feito um papel importante utilizando as redes sociais para levar a p\u00fablico casos que antes n\u00e3o eram noticiados.<br><\/p>\n\n\n\n<p>Mas, voltando \u00e0 janeiro de 2026, infelizmente, um novo caso \u201cganhou\u201d as manchetes dos portais de not\u00edcias, trazendo, mais uma vez, uma triste hist\u00f3ria: o carro do casal <a href=\"https:\/\/g1.globo.com\/sp\/sao-paulo\/noticia\/2026\/01\/19\/corpo-de-mulher-e-encontrado-no-rio-pinheiros-pelos-bombeiros-familia-diz-que-e-de-idosa-arrastada-pela-chuva.ghtml\"><strong>Maria Deusdete da Mata Ribeiro (67) e Marcos da Mata Ribeiro (68), que circulava na Av. Carlos Caldeira Filho no dia 16\/01<\/strong><\/a>, foi tragado para dentro do c\u00f3rrego Morro do S. O corpo de ambos foi encontrado no Rio Pinheiros: o de Marcos foi localizado dia 18\/01, dois dias depois do temporal, nas proximidades do Parque Burle Marx; o de Maria Deusdete no dia 19\/01, pr\u00f3ximo do Aut\u00f3dromo de Interlagos.<br><\/p>\n\n\n\n<p>Os dois casos citados, em 2025 e 2026, aconteceram em um intervalo de 375 dias, ou seja, menos de um ano se passou do caso de Erick e a trag\u00e9dia anunciada se repetiu, agora levando duas vidas.<br><\/p>\n\n\n\n<blockquote class=\"wp-block-quote is-layout-flow wp-block-quote-is-layout-flow\">\n<p><strong>Pra mim, n\u00e3o foi a chuva que matou Maria Deusdete e Marcos, foi o descaso do poder p\u00fablico!<\/strong><\/p>\n<\/blockquote>\n\n\n\n<p><\/p>\n\n\n\n<h3 class=\"wp-block-heading\"><strong>Sobre as provid\u00eancias e o sil\u00eancio oficial das autoridades<\/strong><\/h3>\n\n\n\n<p>Na manh\u00e3 seguinte ao temporal, 17\/01, entrei em contato com a comunica\u00e7\u00e3o da Subprefeitura do Campo Limpo, via WhatsApp solicitando informa\u00e7\u00f5es oficiais, e foi isso que recebi:<br><br><em><kbd>\u201c\u200bAgradecemos o contato e a preocupa\u00e7\u00e3o com o territ\u00f3rio. Informamos que a Subprefeitura Campo Limpo est\u00e1 com nossas equipes nas ruas desde o in\u00edcio das ocorr\u00eancias, trabalhando intensamente para mitigar os estragos causados pelas fortes chuvas.<\/kbd><\/em><\/p>\n\n\n\n<p><em><kbd>Al\u00e9m das frentes de zeladoria e limpeza, temos equipe na sede da Subprefeitura realizando o atendimento e acolhimento das fam\u00edlias atingidas, prestando todo o suporte necess\u00e1rio neste momento de urg\u00eancia. A supervisora de Habita\u00e7\u00e3o junto com a defesa civil tamb\u00e9m est\u00e3o visitando \u00e1reas atingidas.\u201d<\/kbd><\/em><br><br>No mesmo dia, fiz um pedido formal, por email, para <strong>SECOM <\/strong>(Secretaria Especial de Comunica\u00e7\u00e3o) com c\u00f3pia para <strong>SPObras <\/strong>(Secretaria Municipal de Infraestrutura e Obras) e a <strong>SIURB <\/strong>(Secretaria Municipal de Infraestrutura e Obras), solicitando \u201centrevista coletiva na segunda-feira, 19 de janeiro, com o subprefeito Ricardo Bittar e demais autoridades envolvidas no atendimento das pessoas impactadas pelas chuvas e tamb\u00e9m nas a\u00e7\u00f5es de preven\u00e7\u00e3o a enchentes, problema recorrente e hist\u00f3rico no territ\u00f3rio do Cap\u00e3o Redondo, Campo Limpo e Vila Andrade.\u201d&nbsp;<br><\/p>\n\n\n\n<p>Nos bastidores, sabe-se que a atual gest\u00e3o municipal tem como premissa n\u00e3o atender a imprensa, o que pra mim \u00e9 mais que absurdo. O atual subprefeito do Campo Limpo, Ricardo Bittar, tem uma boa rela\u00e7\u00e3o com as m\u00eddias comunit\u00e1rias, mas as conversas s\u00e3o sempre <em>in off<\/em>, ou seja, n\u00e3o podemos usar a fala do agente p\u00fablico, uma vez que a SECOM n\u00e3o autoriza a entrevista. <strong>Para surpresa de ningu\u00e9m, o pedido de entrevista foi rejeitado sem nenhuma justificativa plaus\u00edvel.<\/strong><\/p>\n\n\n\n<p><br>A resposta que recebi em 18\/01\/2026, \u00e0s 19h01:<\/p>\n\n\n\n<p><\/p>\n\n\n\n<p><em><kbd>No momento n\u00e3o ser\u00e1 poss\u00edvel atender o pedido de entrevista. Segue nota sobre as a\u00e7\u00f5es na regi\u00e3o:<\/kbd><\/em><br><kbd><em>A Subprefeitura Campo Limpo informa que, em 2024, foi instalado um guarda-corpo na \u00e1rea da margem do c\u00f3rrego na Avenida Carlos Caldeira Filho. No entanto, a estrutura foi vandalizada e furtada. Na madrugada deste s\u00e1bado (17), equipes estiveram no local e instalaram blocos de concreto no trecho como medida emergencial de prote\u00e7\u00e3o.&nbsp;<\/em><\/kbd><\/p>\n\n\n\n<p><kbd><em>A avenida recebe servi\u00e7os frequentes de zeladoria, intensificados durante o per\u00edodo de chuvas. Na manh\u00e3 de sexta-feira (16), equipes realizaram a limpeza e retirada de detritos do C\u00f3rrego Morro do S. As a\u00e7\u00f5es de limpeza, desobstru\u00e7\u00e3o e manuten\u00e7\u00e3o de galerias e c\u00f3rregos seguem de forma cont\u00ednua na regi\u00e3o. Seguem em anexo imagens do trabalho de zeladoria, do guarda corpo e dos blocos de concreto instalados.<\/em><\/kbd><\/p>\n\n\n\n<p><strong><kbd><em>Obras na regi\u00e3o<\/em><\/kbd><\/strong><\/p>\n\n\n\n<p><kbd><em>Como medida estrutural, a Prefeitura de S\u00e3o Paulo, por meio da SPObras, est\u00e1 investindo R$ 261,4 milh\u00f5es na constru\u00e7\u00e3o de um reservat\u00f3rio de conten\u00e7\u00e3o de cheias no Cap\u00e3o Redondo e na canaliza\u00e7\u00e3o de 3 km do c\u00f3rrego \u00c1gua dos Brancos. As interven\u00e7\u00f5es beneficiam a bacia do Morro do S e t\u00eam como objetivo reduzir enchentes na Avenida Ellis Maas e no entorno do Parque Santo Dias. A obra vai beneficiar 870 mil moradores dos bairros Cap\u00e3o Redondo, Campo Limpo, Vila Andrade e Jardim S\u00e3o Lu\u00eds e est\u00e1 prevista para ser conclu\u00edda at\u00e9 junho deste ano.&nbsp;<\/em><\/kbd><\/p>\n\n\n\n<p><kbd><em>Para aumentar ainda mais a capacidade do sistema de drenagem da regi\u00e3o do Campo Limpo, a Secretaria Municipal de Infraestrutura Urbana e Obras (Siurb) publicou, em 26 de dezembro, o edital para contrata\u00e7\u00e3o das obras do reservat\u00f3rio do C\u00f3rrego Freitas. Os envelopes ser\u00e3o abertos no dia 5 de fevereiro.&nbsp;<br>Com investimento previsto de R$ 204,9 milh\u00f5es, o equipamento ter\u00e1 capacidade para armazenar at\u00e9 110 mil m\u00b3 de \u00e1gua (o equivalente \u00e0 44 piscinas ol\u00edmpicas). Cerca de 1 milh\u00e3o de pessoas ser\u00e3o beneficiadas nos distritos do Campo Limpo, Cap\u00e3o Redondo, Jardim \u00c2ngela e Jardim S\u00e3o Lu\u00eds.<\/em><\/kbd><\/p>\n\n\n\n<p><br>S\u00e3o v\u00e1rias as perguntas que ficaram ap\u00f3s receber essa nota, aqui v\u00e3o algumas delas:<br><\/p>\n\n\n\n<ol class=\"wp-block-list\">\n<li>Por que o guarda-corpo na \u00e1rea da margem do c\u00f3rrego na Avenida Carlos Caldeira Filho, que a Prefeitura alega ter sido furtado, n\u00e3o foi recolocado antes?<\/li>\n\n\n\n<li>Se a capacidade de armazenamento total ser\u00e1 de 110 mil m\u00b3 de \u00e1gua e a obra tem previs\u00e3o de ser entregue em julho deste ano, qual \u00e9 a capacidade hoje? Como \u00e9 poss\u00edvel explicar a quantidade de \u00e1gua acumulada em frente a obra no dia 16\/01?<\/li>\n\n\n\n<li>A obra vai beneficiar 870 mil moradores, mas quantos ela beneficia atualmente? Pelo que sabemos, ela s\u00f3 tem prejudicado a popula\u00e7\u00e3o at\u00e9 agora.&nbsp;&nbsp;<\/li>\n\n\n\n<li>Qual o tamanho do projeto previsto para o reservat\u00f3rio do C\u00f3rrego Freitas? Ele prev\u00ea remo\u00e7\u00e3o de quantas fam\u00edlias? Para onde elas ser\u00e3o realocadas?<\/li>\n<\/ol>\n\n\n\n<p>Perceba que estamos falando de um problema que envolve v\u00e1rios c\u00f3rregos e bacias, isso porque, nosso territ\u00f3rio foi constru\u00eddo em cima de rios que atravessam v\u00e1rios bairros. Em 2021, j\u00e1 tratei desse assunto em uma reportagem em \u00e1udio chamada <a href=\"https:\/\/youtu.be\/qJwiZKGTIxw?si=cMhkQsRb_z_iN7cI\"><strong>\u201cMoradores se mobilizam por moradia digna e pela canaliza\u00e7\u00e3o do C\u00f3rrego dos Freitas\u201d<\/strong><\/a>, onde a arquiteta e urbanista, Ana Cristina Moraes, explica que n\u00e3o basta canalizar os c\u00f3rregos, \u00e9 preciso pensar em um projeto habitacional que garanta moradia digna para as fam\u00edlias em \u00e1reas de enchentes. Te convido a ouvi-lo!<\/p>\n\n\n\n<figure class=\"wp-block-image size-large is-resized\"><img decoding=\"async\" width=\"1024\" height=\"768\" src=\"https:\/\/jornalismo.mandanoticias.com.br\/wp-content\/uploads\/2026\/01\/Piscinao-Capao-Redondoi-1-1024x768.jpg\" alt=\"\" class=\"wp-image-1571\" style=\"aspect-ratio:1.3333401151553377;width:817px;height:auto\" srcset=\"https:\/\/jornalismo.mandanoticias.com.br\/wp-content\/uploads\/2026\/01\/Piscinao-Capao-Redondoi-1-1024x768.jpg 1024w, https:\/\/jornalismo.mandanoticias.com.br\/wp-content\/uploads\/2026\/01\/Piscinao-Capao-Redondoi-1-300x225.jpg 300w, https:\/\/jornalismo.mandanoticias.com.br\/wp-content\/uploads\/2026\/01\/Piscinao-Capao-Redondoi-1-768x576.jpg 768w, https:\/\/jornalismo.mandanoticias.com.br\/wp-content\/uploads\/2026\/01\/Piscinao-Capao-Redondoi-1-1536x1152.jpg 1536w, https:\/\/jornalismo.mandanoticias.com.br\/wp-content\/uploads\/2026\/01\/Piscinao-Capao-Redondoi-1.jpg 2048w\" sizes=\"(max-width: 1024px) 100vw, 1024px\" \/><figcaption class=\"wp-element-caption\">Obras do Piscin\u00e3o Cap\u00e3o Redondo de 28\/08\/2024 | Foto: Sergio Barzaghi\/ Governo do Estado de S\u00e3o Paulo<\/figcaption><\/figure>\n\n\n\n<h3 class=\"wp-block-heading\"><strong>Mobiliza\u00e7\u00e3o cidad\u00e3 e o Conselho Participativo Municipal do Campo Limpo<\/strong><\/h3>\n\n\n\n<p>Em meus quase 20 anos de jornalismo perif\u00e9rico, estive em muitas reuni\u00f5es e audi\u00eancias p\u00fablicas. Por\u00e9m, desde a pandemia, estive afastada dessa articula\u00e7\u00e3o importante do territ\u00f3rio, principalmente por assumir outras frentes de trabalho. Mas, na \u00faltima quarta-feira, 21\/01, estive na 12\u00ba Reuni\u00e3o Plen\u00e1ria Ordin\u00e1ria do Conselho Participativo Municipal do Campo Limpo, j\u00e1 que o tema n\u00e3o poderia ser outro se n\u00e3o as a\u00e7\u00f5es de preven\u00e7\u00e3o e mitiga\u00e7\u00e3o de danos causados pelas enchentes que assolam o territ\u00f3rio h\u00e1 d\u00e9cadas.&nbsp;<br><\/p>\n\n\n\n<p>Ao chegar na Subprefeitura, fiquei surpresa em ver v\u00e1rios moradores e comerciantes organizados e empenhados em cobrar respostas. Eles eram, majoritariamente, vizinhos da obra gigantesca popularmente chamada de Piscin\u00e3o, localizado na Av Ellis Maas, via importante do Cap\u00e3o Redondo.<br><\/p>\n\n\n\n<p><a href=\"https:\/\/www.instagram.com\/prefeitoricardonunes\/reel\/C-ao92oRl-4\/\"><strong>Aqui voc\u00ea confere um v\u00eddeo de 08\/08\/2024, publicado no perfil oficial do prefeito Ricardo Nune<\/strong>s<\/a>, onde ele explica o projeto e diz que a obra do Piscin\u00e3o do Cap\u00e3o Redondo estava acelerada, dando como previs\u00e3o de entrega em maio de 2025, que sabemos n\u00e3o aconteceu at\u00e9 hoje.<br><br><a href=\"https:\/\/prefeitura.sp.gov.br\/w\/noticia\/prefeitura-inicia-obras-de-combate-as-enchentes-na-regiao-do-capao-redondo\"><strong>O buraco enorme, chamado tecnicamente de reservat\u00f3rio para conten\u00e7\u00e3o das cheias, vem sendo constru\u00eddo desde 2022<\/strong><\/a>. Apesar da grande estrutura parecer estar pr\u00f3xima de sua finaliza\u00e7\u00e3o, praticamente n\u00e3o ajudou em nada em 16 de janeiro. Os v\u00e1rios v\u00eddeos publicados nas redes sociais por moradores e pelas m\u00eddias comunit\u00e1rias, comprovam isso. Bem em frente ao Piscin\u00e3o, a avenida virou um rio.<br><\/p>\n\n\n\n<p>Muito foi dito nessa reuni\u00e3o, mas, fiquei surpreendentemente satisfeita em saber que a Subprefeitura do Campo Limpo, por meio do seu Comit\u00ea Participativo, tem acompanhado e cobrado atualiza\u00e7\u00f5es sobre a obra.&nbsp;Atrav\u00e9s da consulta de documentos p\u00fablicos, descobri que no dia 07\/01\/2026, ou seja, 9 dias antes do temporal que estamos tratando, a Subprefeitura deu entrada em um processo administrativo (6032.2026\/0000056-7), que reitera oito of\u00edcios enviados antes, com pedidos diversos.<br><\/p>\n\n\n\n<p>Entre eles, destaco aqui o <mark style=\"background-color:rgba(0, 0, 0, 0)\" class=\"has-inline-color has-luminous-vivid-amber-color\"><a href=\"https:\/\/jornalismo.mandanoticias.com.br\/wp-content\/uploads\/2026\/01\/OFICIO_N__96__2025___CPM_CL__2025_2026____Piscinao_Ellis_Mass___Capao_Redondo.pdf\"><strong>Of\u00edcio 096_2025\/2026, datado de 08\/11\/2025, com o assunto \u201cSolicita\u00e7\u00e3o de informa\u00e7\u00f5es sobre as obras do reservat\u00f3rio\/piscin\u00e3o Ellis Maas\u201d. Entre diversos pedidos, que voc\u00ea pode ler na \u00edntegra clicando aqui<\/strong><\/a><\/mark>, em trecho menciona <em>\u201crelatos de mini explos\u00f5es realizadas duas vezes ao dia, que estariam causando danos estruturais em resid\u00eancias, especialmente no Condom\u00ednio Parque das \u00c1rvores\u201d<\/em>.<\/p>\n\n\n\n<p><br>Al\u00e9m disso, outro pedido important\u00edssimo, diz respeito a outro local citado no in\u00edcio deste texto: <em>\u201cOutra demanda recorrente refere-se \u00e0 necessidade de interven\u00e7\u00e3o no C\u00f3rrego Moenda Velha, que prev\u00ea a instala\u00e7\u00e3o de gradil\/guarda-corpo e a implementa\u00e7\u00e3o de cal\u00e7ada, no trecho entre a Rua Marmeleira da \u00cdndia e a Rua dos Mercant\u00e9is, localizado \u00e0 700 metros da obra do piscin\u00e3o.\u201d<\/em><\/p>\n\n\n\n<p><br>Ou seja, a Subprefeitura do Campo Limpo, por meio de seu Comit\u00ea Participativo, fez seu papel ao cobrar, meses antes das chuvas de ver\u00e3o come\u00e7arem, a SIURB (Secretaria Municipal de Infraestrutura Urbana e Obras), mas o que essa Secretaria fez de l\u00e1 pra c\u00e1? Nada!<\/p>\n\n\n\n<p><br>S\u00e3o muitos processos, of\u00edcios, contratos, informa\u00e7\u00f5es burocr\u00e1ticas que nem todo jornalista tem interesse em investigar. Eu tenho e pretendo continuar fazendo isso at\u00e9 que a obra milion\u00e1ria seja entregue e, efetivamente, ela cumpra seu papel.<br><\/p>\n\n\n\n<p><strong>Por hora, o que posso dizer \u00e9 que a Prefeitura de S\u00e3o Paulo, gerida atualmente por Ricardo Nunes, que inclusive j\u00e1 morou na regi\u00e3o, \u00e9 quem deve responder por todas as mortes, desaparecimentos, desalojamentos e outros transtornos causados pelas enchentes.&nbsp;&nbsp;<\/strong><br><\/p>\n\n\n\n<p>O Cons\u00f3rcio CG-JZ Carlos Caldeira, venceu a licita\u00e7\u00e3o e \u00e9 respons\u00e1vel pelo contrato do projeto que inclui a constru\u00e7\u00e3o do reservat\u00f3rio; a canaliza\u00e7\u00e3o de 3 quil\u00f4metros do C\u00f3rrego \u00c1gua dos Brancos e o prolongamento da Avenida Carlos Caldeira Filho em 3,3 quil\u00f4metros.<\/p>\n\n\n\n<p><br>De acordo com informa\u00e7\u00f5es oficiais, as obras de drenagem previstas neste contrato (reservat\u00f3rio e canaliza\u00e7\u00e3o) tinham valor inicial de R$ 87,2 milh\u00f5es em 2015, passando para R$ 261,4 milh\u00f5es em valores atualizados para 2025, conforme os \u00edndices previstos em contrato e aditamentos. A previs\u00e3o de entrega do reservat\u00f3rio foi alterada para junho deste ano, por conta de rochas no fundo da estrutura exigirem mais tempo do que o inicialmente estimado.\u00a0<br><br>J\u00e1 o prolongamento da Avenida Carlos Caldeira Filho, ainda n\u00e3o foi iniciado porque depende das desapropria\u00e7\u00f5es necess\u00e1rias.\u00a0<br><br>Fico por aqui, mas volto, assim que poss\u00edvel, com atualiza\u00e7\u00f5es. T\u00f4 de olho!<\/p>\n\n\n\n<p><br><em>Autorizo a reprodu\u00e7\u00e3o deste artigo, <strong>reservando-me o direito autoral de ser creditada<\/strong> na republica\u00e7\u00e3o<\/em>.<br><br><\/p>\n\n\n\n<div class=\"wp-block-media-text is-stacked-on-mobile\" style=\"grid-template-columns:19% auto\"><figure class=\"wp-block-media-text__media\"><img decoding=\"async\" width=\"1024\" height=\"683\" src=\"https:\/\/jornalismo.mandanoticias.com.br\/wp-content\/uploads\/2026\/01\/gisele_pauta-periferica-1024x683.jpg\" alt=\"\" class=\"wp-image-1578 size-full\" srcset=\"https:\/\/jornalismo.mandanoticias.com.br\/wp-content\/uploads\/2026\/01\/gisele_pauta-periferica-1024x683.jpg 1024w, https:\/\/jornalismo.mandanoticias.com.br\/wp-content\/uploads\/2026\/01\/gisele_pauta-periferica-300x200.jpg 300w, https:\/\/jornalismo.mandanoticias.com.br\/wp-content\/uploads\/2026\/01\/gisele_pauta-periferica-768x512.jpg 768w, https:\/\/jornalismo.mandanoticias.com.br\/wp-content\/uploads\/2026\/01\/gisele_pauta-periferica-1536x1024.jpg 1536w, https:\/\/jornalismo.mandanoticias.com.br\/wp-content\/uploads\/2026\/01\/gisele_pauta-periferica-2048x1366.jpg 2048w\" sizes=\"(max-width: 1024px) 100vw, 1024px\" \/><\/figure><div class=\"wp-block-media-text__content\">\n<p><strong>Gisele Alexandre:<\/strong> Jornalista, educomunicadora, articuladora cultural e gestora de projetos. Criada no Cap\u00e3o Redondo, periferia da capital paulista, atua h\u00e1 cerca de 20 anos no jornalismo perif\u00e9rico. \u00c9 diretora-executiva da Pauta Perif\u00e9rica e idealizadora e editora-chefe do Manda Not\u00edcias,  coordenadora pedag\u00f3gica do Clube de Criadores EduCap\u00e3o e produtora executiva do Festival CultCom.<\/p>\n<\/div><\/div>\n\n\n\n<p><\/p>\n","protected":false},"excerpt":{"rendered":"<p>Por Gisele Alexandre Era 17h31, do dia 16 de janeiro, sexta-feira, quando recebi o aviso da Defesa Civil no meu celular sobre as fortes chuvas na Capital. Cerca de 40 minutos depois, recebi o primeiro v\u00eddeo, era da minha m\u00e3e dizendo que a rua dela, mais uma vez, tinha virado um rio. Minha m\u00e3e mora [&hellip;]<\/p>\n","protected":false},"author":2,"featured_media":1569,"comment_status":"open","ping_status":"open","sticky":false,"template":"","format":"standard","meta":{"sb_editor_width":"","footnotes":""},"categories":[29,26,14,17,20],"tags":[23],"class_list":["post-1567","post","type-post","status-publish","format-standard","has-post-thumbnail","hentry","category-braba","category-destaque","category-direitos-humanos","category-meio-ambiente","category-opiniao","tag-territorio-da-noticia"],"relative_dates":{"created":"3 meses ago","modified":"2 meses ago"},"_links":{"self":[{"href":"https:\/\/jornalismo.mandanoticias.com.br\/index.php\/wp-json\/wp\/v2\/posts\/1567","targetHints":{"allow":["GET"]}}],"collection":[{"href":"https:\/\/jornalismo.mandanoticias.com.br\/index.php\/wp-json\/wp\/v2\/posts"}],"about":[{"href":"https:\/\/jornalismo.mandanoticias.com.br\/index.php\/wp-json\/wp\/v2\/types\/post"}],"author":[{"embeddable":true,"href":"https:\/\/jornalismo.mandanoticias.com.br\/index.php\/wp-json\/wp\/v2\/users\/2"}],"replies":[{"embeddable":true,"href":"https:\/\/jornalismo.mandanoticias.com.br\/index.php\/wp-json\/wp\/v2\/comments?post=1567"}],"version-history":[{"count":4,"href":"https:\/\/jornalismo.mandanoticias.com.br\/index.php\/wp-json\/wp\/v2\/posts\/1567\/revisions"}],"predecessor-version":[{"id":1579,"href":"https:\/\/jornalismo.mandanoticias.com.br\/index.php\/wp-json\/wp\/v2\/posts\/1567\/revisions\/1579"}],"wp:featuredmedia":[{"embeddable":true,"href":"https:\/\/jornalismo.mandanoticias.com.br\/index.php\/wp-json\/wp\/v2\/media\/1569"}],"wp:attachment":[{"href":"https:\/\/jornalismo.mandanoticias.com.br\/index.php\/wp-json\/wp\/v2\/media?parent=1567"}],"wp:term":[{"taxonomy":"category","embeddable":true,"href":"https:\/\/jornalismo.mandanoticias.com.br\/index.php\/wp-json\/wp\/v2\/categories?post=1567"},{"taxonomy":"post_tag","embeddable":true,"href":"https:\/\/jornalismo.mandanoticias.com.br\/index.php\/wp-json\/wp\/v2\/tags?post=1567"}],"curies":[{"name":"wp","href":"https:\/\/api.w.org\/{rel}","templated":true}]}}