{"id":1544,"date":"2025-11-06T12:06:32","date_gmt":"2025-11-06T15:06:32","guid":{"rendered":"https:\/\/jornalismo.mandanoticias.com.br\/?p=1544"},"modified":"2025-11-06T12:07:36","modified_gmt":"2025-11-06T15:07:36","slug":"programa-oferece-120-bolsas-para-jovens-da-capital-se-formarem-em-audiovisual","status":"publish","type":"post","link":"https:\/\/jornalismo.mandanoticias.com.br\/index.php\/2025\/11\/06\/programa-oferece-120-bolsas-para-jovens-da-capital-se-formarem-em-audiovisual\/","title":{"rendered":"Programa oferece 120 bolsas para jovens da capital se formarem em audiovisual"},"content":{"rendered":"\n<p><strong><mark style=\"background-color:#9b51e0\" class=\"has-inline-color\">Juventudes <\/mark><\/strong><\/p>\n\n\n\n<p><\/p>\n\n\n\n<figure class=\"wp-block-image aligncenter size-full is-resized\"><img fetchpriority=\"high\" decoding=\"async\" width=\"950\" height=\"633\" src=\"https:\/\/jornalismo.mandanoticias.com.br\/wp-content\/uploads\/2025\/11\/03.jpg\" alt=\"\" class=\"wp-image-1545\" style=\"width:846px;height:auto\" srcset=\"https:\/\/jornalismo.mandanoticias.com.br\/wp-content\/uploads\/2025\/11\/03.jpg 950w, https:\/\/jornalismo.mandanoticias.com.br\/wp-content\/uploads\/2025\/11\/03-300x200.jpg 300w, https:\/\/jornalismo.mandanoticias.com.br\/wp-content\/uploads\/2025\/11\/03-768x512.jpg 768w\" sizes=\"(max-width: 950px) 100vw, 950px\" \/><\/figure>\n\n\n\n<p><\/p>\n\n\n\n<p><em>Por Rose Martins <\/em><\/p>\n\n\n\n<p><\/p>\n\n\n\n<p><\/p>\n\n\n\n<p>A <a href=\"https:\/\/prefeitura.sp.gov.br\/web\/desenvolvimento\/w\/bolsa-trabalho-abre-120-vagas-para-jovens-da-capital-paulista\" data-type=\"link\" data-id=\"https:\/\/prefeitura.sp.gov.br\/web\/desenvolvimento\/w\/bolsa-trabalho-abre-120-vagas-para-jovens-da-capital-paulista\">Prefeitura de S\u00e3o Paulo <\/a>abriu 120 vagas para jovens de 17 a 24 anos interessados em se profissionalizar no setor audiovisual. A iniciativa faz parte do programa Bolsa Trabalho, em parceria com o<a href=\"https:\/\/institutocriar.org\/processo-seletivo-turma-22-sao-paulo\/\" data-type=\"link\" data-id=\"https:\/\/institutocriar.org\/processo-seletivo-turma-22-sao-paulo\/\"> Instituto Criar de TV<\/a>, Cinema e Novas M\u00eddias, e oferece bolsa-aux\u00edlio de R$ 1.745 mensais durante cerca de um ano de forma\u00e7\u00e3o em per\u00edodo integral. As inscri\u00e7\u00f5es v\u00e3o at\u00e9 19 de novembro.<\/p>\n\n\n\n<p><\/p>\n\n\n\n<p>Com mais de duas d\u00e9cadas de atua\u00e7\u00e3o, o Instituto Criar \u00e9 refer\u00eancia na forma\u00e7\u00e3o de profissionais da economia criativa \u2014 segmento que segue em alta na capital. Segundo dados do Caged, s\u00f3 em agosto deste ano o setor empregou mais de 600 mil pessoas em S\u00e3o Paulo.<\/p>\n\n\n\n<p><\/p>\n\n\n\n<p>O curso oferece trilhas de especializa\u00e7\u00e3o em Fotografia, Dire\u00e7\u00e3o de Arte, Roteiro, Produ\u00e7\u00e3o, P\u00f3s-Produ\u00e7\u00e3o, \u00c1udio e Tecnologia. Podem participar jovens que moram na cidade h\u00e1 pelo menos dois anos, pertencem a fam\u00edlias com renda per capita de at\u00e9 um sal\u00e1rio m\u00ednimo e t\u00eam ensino m\u00e9dio conclu\u00eddo ou em conclus\u00e3o at\u00e9 2025.<\/p>\n\n\n\n<p><\/p>\n\n\n\n<p>O processo seletivo ser\u00e1 dividido em duas etapas: uma triagem inicial, com resultado em 1\u00ba de dezembro, e entrevistas online entre 10 e 12 de dezembro. A lista final de selecionados ser\u00e1 divulgada no dia 15 de dezembro.<\/p>\n\n\n\n<p><\/p>\n\n\n\n<p><strong>Servi\u00e7o<\/strong><br>Bolsa Trabalho \u2013 Forma\u00e7\u00e3o em Audiovisual<br>Parceria: Instituto Criar de TV, Cinema e Novas M\u00eddias e Prefeitura de S\u00e3o Paulo<br>Inscri\u00e7\u00f5es: at\u00e9 19 de novembro de 2025<br>Bolsa-aux\u00edlio: R$ 1.745 mensais<br>P\u00fablico: jovens de 17 a 24 anos moradores da capital<br>Dura\u00e7\u00e3o: cerca de 1 ano, em per\u00edodo integral<br>Inscri\u00e7\u00f5es pelo link: bit.ly\/bolsatrabalhoaudiovisual<\/p>\n","protected":false},"excerpt":{"rendered":"<p>Juventudes Por Rose Martins A Prefeitura de S\u00e3o Paulo abriu 120 vagas para jovens de 17 a 24 anos interessados em se profissionalizar no setor audiovisual. A iniciativa faz parte do programa Bolsa Trabalho, em parceria com o Instituto Criar de TV, Cinema e Novas M\u00eddias, e oferece bolsa-aux\u00edlio de R$ 1.745 mensais durante cerca [&hellip;]<\/p>\n","protected":false},"author":6,"featured_media":1545,"comment_status":"open","ping_status":"open","sticky":false,"template":"","format":"standard","meta":{"sb_editor_width":"","footnotes":""},"categories":[33,22],"tags":[23],"class_list":["post-1544","post","type-post","status-publish","format-standard","has-post-thumbnail","hentry","category-educacao","category-juventudes","tag-territorio-da-noticia"],"relative_dates":{"created":"6 meses ago","modified":"6 meses ago"},"_links":{"self":[{"href":"https:\/\/jornalismo.mandanoticias.com.br\/index.php\/wp-json\/wp\/v2\/posts\/1544","targetHints":{"allow":["GET"]}}],"collection":[{"href":"https:\/\/jornalismo.mandanoticias.com.br\/index.php\/wp-json\/wp\/v2\/posts"}],"about":[{"href":"https:\/\/jornalismo.mandanoticias.com.br\/index.php\/wp-json\/wp\/v2\/types\/post"}],"author":[{"embeddable":true,"href":"https:\/\/jornalismo.mandanoticias.com.br\/index.php\/wp-json\/wp\/v2\/users\/6"}],"replies":[{"embeddable":true,"href":"https:\/\/jornalismo.mandanoticias.com.br\/index.php\/wp-json\/wp\/v2\/comments?post=1544"}],"version-history":[{"count":2,"href":"https:\/\/jornalismo.mandanoticias.com.br\/index.php\/wp-json\/wp\/v2\/posts\/1544\/revisions"}],"predecessor-version":[{"id":1547,"href":"https:\/\/jornalismo.mandanoticias.com.br\/index.php\/wp-json\/wp\/v2\/posts\/1544\/revisions\/1547"}],"wp:featuredmedia":[{"embeddable":true,"href":"https:\/\/jornalismo.mandanoticias.com.br\/index.php\/wp-json\/wp\/v2\/media\/1545"}],"wp:attachment":[{"href":"https:\/\/jornalismo.mandanoticias.com.br\/index.php\/wp-json\/wp\/v2\/media?parent=1544"}],"wp:term":[{"taxonomy":"category","embeddable":true,"href":"https:\/\/jornalismo.mandanoticias.com.br\/index.php\/wp-json\/wp\/v2\/categories?post=1544"},{"taxonomy":"post_tag","embeddable":true,"href":"https:\/\/jornalismo.mandanoticias.com.br\/index.php\/wp-json\/wp\/v2\/tags?post=1544"}],"curies":[{"name":"wp","href":"https:\/\/api.w.org\/{rel}","templated":true}]}}