{"id":1321,"date":"2025-07-14T14:46:28","date_gmt":"2025-07-14T17:46:28","guid":{"rendered":"https:\/\/jornalismo.mandanoticias.com.br\/?p=1321"},"modified":"2025-07-14T14:46:29","modified_gmt":"2025-07-14T17:46:29","slug":"premio-mulheres-no-hip-hop-destina-r-3-milhoes-para-iniciativas-femininas","status":"publish","type":"post","link":"https:\/\/jornalismo.mandanoticias.com.br\/index.php\/2025\/07\/14\/premio-mulheres-no-hip-hop-destina-r-3-milhoes-para-iniciativas-femininas\/","title":{"rendered":"Pr\u00eamio Mulheres no Hip-Hop destina R$ 3 milh\u00f5es para iniciativas femininas\u00a0"},"content":{"rendered":"\n<figure class=\"wp-block-image size-large\"><img fetchpriority=\"high\" decoding=\"async\" width=\"1024\" height=\"684\" src=\"https:\/\/jornalismo.mandanoticias.com.br\/wp-content\/uploads\/2025\/07\/chaiodisseiana_105174842-1-1024x684.jpg\" alt=\"\" class=\"wp-image-1324\" srcset=\"https:\/\/jornalismo.mandanoticias.com.br\/wp-content\/uploads\/2025\/07\/chaiodisseiana_105174842-1-1024x684.jpg 1024w, https:\/\/jornalismo.mandanoticias.com.br\/wp-content\/uploads\/2025\/07\/chaiodisseiana_105174842-1-300x200.jpg 300w, https:\/\/jornalismo.mandanoticias.com.br\/wp-content\/uploads\/2025\/07\/chaiodisseiana_105174842-1-768x513.jpg 768w, https:\/\/jornalismo.mandanoticias.com.br\/wp-content\/uploads\/2025\/07\/chaiodisseiana_105174842-1.jpg 1080w\" sizes=\"(max-width: 1024px) 100vw, 1024px\" \/><\/figure>\n\n\n\n<p class=\"has-text-align-center\">Sharylaine, considerada umas das percursoras do Hip-hop em S\u00e3o Paulo em apresenta\u00e7\u00e3o do Odisseias das Flores no Matilha Cultural \/\/ Foto: M\u00f4nica Senna<\/p>\n\n\n\n<p><\/p>\n\n\n\n<p><em>Por Carolina Rosa<\/em><\/p>\n\n\n\n<p><\/p>\n\n\n\n<p>Est\u00e3o abertas at\u00e9 o dia 20 de julho as inscri\u00e7\u00f5es para o Pr\u00eamio Mulheres no Hip-Hop, uma iniciativa in\u00e9dita do<a href=\"https:\/\/www.gov.br\/mulheres\/pt-br\"> Minist\u00e9rio das Mulheres<\/a> que ir\u00e1 destinar R$ 3 milh\u00f5es para reconhecer e fortalecer o protagonismo feminino dentro dos quatro elementos da cultura hip-hop. A premia\u00e7\u00e3o celebra os 40 anos do movimento no Brasil e busca valorizar as mulheres que, mesmo enfrentando diversas barreiras, seguem rimando, dan\u00e7ando, produzindo, criando e resistindo nas quebradas de todo o pa\u00eds.<\/p>\n\n\n\n<p><\/p>\n\n\n\n<p>Ser\u00e3o contempladas 65 iniciativas. Destas, 20 receber\u00e3o pr\u00eamios individuais no valor de R$ 26.250, e outras 45 ser\u00e3o premiadas com R$ 55 mil, voltados a grupos, coletivos, ONGs ou crews \u2013 incluindo organiza\u00e7\u00f5es sem CNPJ. As inscri\u00e7\u00f5es est\u00e3o dispon\u00edveis para pessoas de todo o pa\u00eds e devem ser feitas no site oficial do Minist\u00e9rio das Mulheres.<\/p>\n\n\n\n<figure class=\"wp-block-image size-large\"><img decoding=\"async\" width=\"1024\" height=\"684\" src=\"https:\/\/jornalismo.mandanoticias.com.br\/wp-content\/uploads\/2025\/07\/chaiodisseiana_105174820-1024x684.jpg\" alt=\"\" class=\"wp-image-1322\" srcset=\"https:\/\/jornalismo.mandanoticias.com.br\/wp-content\/uploads\/2025\/07\/chaiodisseiana_105174820-1024x684.jpg 1024w, https:\/\/jornalismo.mandanoticias.com.br\/wp-content\/uploads\/2025\/07\/chaiodisseiana_105174820-300x200.jpg 300w, https:\/\/jornalismo.mandanoticias.com.br\/wp-content\/uploads\/2025\/07\/chaiodisseiana_105174820-768x513.jpg 768w, https:\/\/jornalismo.mandanoticias.com.br\/wp-content\/uploads\/2025\/07\/chaiodisseiana_105174820.jpg 1080w\" sizes=\"(max-width: 1024px) 100vw, 1024px\" \/><\/figure>\n\n\n\n<p class=\"has-text-align-center\">Mulheres do Hip-hop, no Matilha Cultural, show Odisseia das Flores. Foto: M\u00f4nica Senna <\/p>\n\n\n\n<p><\/p>\n\n\n\n<p>A iniciativa \u00e9 mais do que uma pol\u00edtica de incentivo: \u00e9 um gesto pol\u00edtico e simb\u00f3lico de repara\u00e7\u00e3o. \u201cEstamos muito felizes e honradas com esse lan\u00e7amento deste edital para mulheres. \u00c9 um marco hist\u00f3rico\u201d, afirma Fl\u00e1via Souza, representante da <a href=\"https:\/\/www.instagram.com\/fnmh2\/?hl=en\">Frente Nacional do Hip-Hop no Rio de Janeiro<\/a>. <\/p>\n\n\n\n<p><\/p>\n\n\n\n<p>\u201cEstou desde 1996 no hip-hop, ent\u00e3o j\u00e1 faz 27 anos de luta pela inser\u00e7\u00e3o das mulheres, pela luta contra a viol\u00eancia e pela nossa liberdade de express\u00e3o\u201d.<\/p>\n\n\n\n<p>Podem concorrer projetos ligados \u00e0 composi\u00e7\u00e3o, produ\u00e7\u00e3o de beats, shows, v\u00eddeos, discos, arquivos audiovisuais, sites, revistas, batalhas, artes visuais, pesquisas, mapeamentos, oficinas e festivais. A proposta \u00e9 reconhecer a\u00e7\u00f5es que contribu\u00edram para o fortalecimento da cultura hip-hop e foram lideradas ou protagonizadas por mulheres. \u00c9 poss\u00edvel conhecer mais sobre as oficinas na p\u00e1gina<a href=\"https:\/\/www.instagram.com\/p\/DMDDJDDsZZ1\/?hl=en&amp;img_index=3\"> Oficial do Instagram<\/a>, que cont\u00e9m toda a programa\u00e7\u00e3o.<\/p>\n\n\n\n<p><\/p>\n\n\n\n<p><\/p>\n\n\n\n<p>No pr\u00f3ximo dia 16 de julho, o <a href=\"https:\/\/www.gov.br\/mulheres\/pt-br\">Minist\u00e9rio das Mulheres<\/a> far\u00e1 uma live no Instagram para tirar d\u00favidas sobre o edital e orientar poss\u00edveis interessadas. At\u00e9 l\u00e1, vale reunir os materiais, escrever sua trajet\u00f3ria e mostrar como sua arte transforma territ\u00f3rios.<\/p>\n","protected":false},"excerpt":{"rendered":"<p>Sharylaine, considerada umas das percursoras do Hip-hop em S\u00e3o Paulo em apresenta\u00e7\u00e3o do Odisseias das Flores no Matilha Cultural \/\/ Foto: M\u00f4nica Senna Por Carolina Rosa Est\u00e3o abertas at\u00e9 o dia 20 de julho as inscri\u00e7\u00f5es para o Pr\u00eamio Mulheres no Hip-Hop, uma iniciativa in\u00e9dita do Minist\u00e9rio das Mulheres que ir\u00e1 destinar R$ 3 milh\u00f5es [&hellip;]<\/p>\n","protected":false},"author":4,"featured_media":1323,"comment_status":"open","ping_status":"open","sticky":false,"template":"","format":"standard","meta":{"sb_editor_width":"","footnotes":""},"categories":[13,26],"tags":[23],"class_list":["post-1321","post","type-post","status-publish","format-standard","has-post-thumbnail","hentry","category-cultura","category-destaque","tag-territorio-da-noticia"],"relative_dates":{"created":"10 meses ago","modified":"10 meses ago"},"_links":{"self":[{"href":"https:\/\/jornalismo.mandanoticias.com.br\/index.php\/wp-json\/wp\/v2\/posts\/1321","targetHints":{"allow":["GET"]}}],"collection":[{"href":"https:\/\/jornalismo.mandanoticias.com.br\/index.php\/wp-json\/wp\/v2\/posts"}],"about":[{"href":"https:\/\/jornalismo.mandanoticias.com.br\/index.php\/wp-json\/wp\/v2\/types\/post"}],"author":[{"embeddable":true,"href":"https:\/\/jornalismo.mandanoticias.com.br\/index.php\/wp-json\/wp\/v2\/users\/4"}],"replies":[{"embeddable":true,"href":"https:\/\/jornalismo.mandanoticias.com.br\/index.php\/wp-json\/wp\/v2\/comments?post=1321"}],"version-history":[{"count":1,"href":"https:\/\/jornalismo.mandanoticias.com.br\/index.php\/wp-json\/wp\/v2\/posts\/1321\/revisions"}],"predecessor-version":[{"id":1325,"href":"https:\/\/jornalismo.mandanoticias.com.br\/index.php\/wp-json\/wp\/v2\/posts\/1321\/revisions\/1325"}],"wp:featuredmedia":[{"embeddable":true,"href":"https:\/\/jornalismo.mandanoticias.com.br\/index.php\/wp-json\/wp\/v2\/media\/1323"}],"wp:attachment":[{"href":"https:\/\/jornalismo.mandanoticias.com.br\/index.php\/wp-json\/wp\/v2\/media?parent=1321"}],"wp:term":[{"taxonomy":"category","embeddable":true,"href":"https:\/\/jornalismo.mandanoticias.com.br\/index.php\/wp-json\/wp\/v2\/categories?post=1321"},{"taxonomy":"post_tag","embeddable":true,"href":"https:\/\/jornalismo.mandanoticias.com.br\/index.php\/wp-json\/wp\/v2\/tags?post=1321"}],"curies":[{"name":"wp","href":"https:\/\/api.w.org\/{rel}","templated":true}]}}