{"id":1233,"date":"2025-06-02T11:33:51","date_gmt":"2025-06-02T14:33:51","guid":{"rendered":"https:\/\/jornalismo.mandanoticias.com.br\/?p=1233"},"modified":"2025-06-06T13:00:11","modified_gmt":"2025-06-06T16:00:11","slug":"gira-criativa-e-ai-sua-criatividade-ta-girando-pra-quem","status":"publish","type":"post","link":"https:\/\/jornalismo.mandanoticias.com.br\/index.php\/2025\/06\/02\/gira-criativa-e-ai-sua-criatividade-ta-girando-pra-quem\/","title":{"rendered":"Gira Criativa \u2013 E a\u00ed, sua criatividade t\u00e1 girando pra quem?"},"content":{"rendered":"\n<p><mark style=\"background-color:#fcb900\" class=\"has-inline-color\"><strong>Coluna Gira Criativa <\/strong><\/mark><\/p>\n\n\n\n<p><\/p>\n\n\n\n<figure class=\"wp-block-image size-large\"><img fetchpriority=\"high\" decoding=\"async\" width=\"1024\" height=\"646\" src=\"https:\/\/jornalismo.mandanoticias.com.br\/wp-content\/uploads\/2025\/06\/gira.III-10-1024x646.jpg\" alt=\"\" class=\"wp-image-1234\" srcset=\"https:\/\/jornalismo.mandanoticias.com.br\/wp-content\/uploads\/2025\/06\/gira.III-10-1024x646.jpg 1024w, https:\/\/jornalismo.mandanoticias.com.br\/wp-content\/uploads\/2025\/06\/gira.III-10-300x189.jpg 300w, https:\/\/jornalismo.mandanoticias.com.br\/wp-content\/uploads\/2025\/06\/gira.III-10-768x485.jpg 768w, https:\/\/jornalismo.mandanoticias.com.br\/wp-content\/uploads\/2025\/06\/gira.III-10-1536x970.jpg 1536w, https:\/\/jornalismo.mandanoticias.com.br\/wp-content\/uploads\/2025\/06\/gira.III-10-2048x1293.jpg 2048w\" sizes=\"(max-width: 1024px) 100vw, 1024px\" \/><figcaption class=\"wp-element-caption\">Terceiro encontro do protejo GIRA no parque novo mundo. Setembro 2023 &#8211; <em>Acervo pessoal<\/em><\/figcaption><\/figure>\n\n\n\n<p><em>Por Fabiana Ivo <\/em><\/p>\n\n\n\n<p><\/p>\n\n\n\n<p>O que \u00e9 que te faz levantar todo dia e seguir no corre? O que \u00e9 que voc\u00ea t\u00e1 criando? E mais: pra quem sua criatividade tem gerado impacto?<\/p>\n\n\n\n<p>Se voc\u00ea acha que criatividade \u00e9 s\u00f3 pra quem vive de arte, cola aqui. Na quebrada, criatividade \u00e9 c\u00f3digo de sobreviv\u00eancia. \u00c9 quem faz trampo virar renda, quem transforma cultura em trabalho, quem pega o pouco e faz muito.<\/p>\n\n\n\n<p><\/p>\n\n\n\n<p>Eu sou <strong>Fabiana Ivo<\/strong>, mulher preta, perif\u00e9rica, h\u00e1 mais de 20 anos nesse corre de provar \u2014 com trabalho, pesquisa e pr\u00e1tica \u2014 que a <strong>Economia Criativa da Periferia<\/strong> n\u00e3o \u00e9 tend\u00eancia: \u00e9 realidade, \u00e9 resist\u00eancia, \u00e9 futuro. \u00c9 isso que me move na constru\u00e7\u00e3o de metodologias, a\u00e7\u00f5es formativas, mentorias e acelera\u00e7\u00f5es na <strong>A BANCA<\/strong>, na <strong>ANIP \u2013 Aceleradora de Neg\u00f3cios de Impacto da Periferia<\/strong>, e nas tantas trocas que fa\u00e7o Brasil afora e com periferias do mundo.<\/p>\n\n\n\n<figure class=\"wp-block-image size-large\"><img decoding=\"async\" width=\"1024\" height=\"576\" src=\"https:\/\/jornalismo.mandanoticias.com.br\/wp-content\/uploads\/2025\/06\/Copia-de-DSC02698-1024x576.jpg\" alt=\"\" class=\"wp-image-1235\" srcset=\"https:\/\/jornalismo.mandanoticias.com.br\/wp-content\/uploads\/2025\/06\/Copia-de-DSC02698-1024x576.jpg 1024w, https:\/\/jornalismo.mandanoticias.com.br\/wp-content\/uploads\/2025\/06\/Copia-de-DSC02698-300x169.jpg 300w, https:\/\/jornalismo.mandanoticias.com.br\/wp-content\/uploads\/2025\/06\/Copia-de-DSC02698-768x432.jpg 768w, https:\/\/jornalismo.mandanoticias.com.br\/wp-content\/uploads\/2025\/06\/Copia-de-DSC02698-1536x864.jpg 1536w, https:\/\/jornalismo.mandanoticias.com.br\/wp-content\/uploads\/2025\/06\/Copia-de-DSC02698.jpg 2048w\" sizes=\"(max-width: 1024px) 100vw, 1024px\" \/><figcaption class=\"wp-element-caption\">Periferia que Cuida. ANIP 2024. &#8211; <em>Acervo Pessoal<\/em><\/figcaption><\/figure>\n\n\n\n<p><\/p>\n\n\n\n<p>E a pergunta que n\u00e3o sai da minha cabe\u00e7a (e que trago pra voc\u00ea hoje) \u00e9:<br><strong>Se a quebrada \u00e9 ber\u00e7o de tanta inven\u00e7\u00e3o, por que nem sempre quem cria consegue prosperar?<\/strong><\/p>\n\n\n\n<p>Na pr\u00e1tica, todo dia eu vejo, acompanho, aprendo e fortale\u00e7o quem t\u00e1 no corre da gastronomia, da moda, do design, da m\u00fasica, da produ\u00e7\u00e3o cultural, do audiovisual, da beleza, do artesanato, dos eventos, da comunica\u00e7\u00e3o, da tecnologia e dos games. Tudo isso \u00e9 Economia Criativa. Tudo isso gera trampo, movimenta dinheiro e, mais do que isso, movimenta sonhos, gera autoestima, projeta futuros.<\/p>\n\n\n\n<p><\/p>\n\n\n\n<p>Mas&#8230; a gira n\u00e3o gira sozinha.<\/p>\n\n\n\n<div class=\"wp-block-group is-layout-constrained wp-block-group-is-layout-constrained\">\n<p>Quantas vezes voc\u00ea j\u00e1 se perguntou:<br>Meu trampo t\u00e1 gerando impacto pra quem?<br>Quem se beneficia do que eu fa\u00e7o? Minha quebrada t\u00e1 se fortalecendo junto?<br>O meu fazer tem futuro sustent\u00e1vel? Ou eu t\u00f4 s\u00f3 girando pra sobreviver?<br>O que eu ainda n\u00e3o sei sobre neg\u00f3cios, sobre gest\u00e3o, sobre precifica\u00e7\u00e3o, que poderia me ajudar a crescer sem me perder de mim, do meu territ\u00f3rio e da minha cultura?<\/p>\n\n\n\n<p><\/p>\n<\/div>\n\n\n\n<blockquote class=\"wp-block-quote is-layout-flow wp-block-quote-is-layout-flow\">\n<p>Essa coluna nasce pra isso: pra ser esse ponto de gira onde a gente para, reflete, se fortalece e segue. Porque empreender na quebrada n\u00e3o pode ser s\u00f3 sobre apagar inc\u00eandio, nem sobre individualismo. Tem que ser sobre construir futuro coletivo.<\/p>\n\n\n\n<p>E \u00e9 isso que eu tenho buscado fazer nesses anos todos. No ch\u00e3o da forma\u00e7\u00e3o da <strong>A BANCA<\/strong>, por exemplo, a gente desenvolve metodologias pr\u00f3prias, que nascem da pr\u00e1tica, da escuta, do corre real de quem t\u00e1 na ponta. \u00c9 educa\u00e7\u00e3o popular aplicada \u00e0 gera\u00e7\u00e3o de renda, ao fortalecimento dos neg\u00f3cios, ao desenvolvimento das pot\u00eancias locais.<\/p>\n<\/blockquote>\n\n\n\n<p><\/p>\n\n\n\n<p>Na <strong>ANIP<\/strong>, a gira \u00e9 acelerar neg\u00f3cios de impacto das periferias do Brasil inteiro. \u00c9 mentorear, apoiar, abrir caminho, construir rede, fortalecer quem transforma territ\u00f3rios a partir de solu\u00e7\u00f5es criativas e inovadoras.<\/p>\n\n\n\n<p><\/p>\n\n\n\n<p>Por isso, te convido: <strong>como sua criatividade t\u00e1 se colocando no mundo? T\u00e1 girando pra quem? E, principalmente: t\u00e1 girando como?<\/strong><\/p>\n\n\n\n<p>Bora girar junto? Aqui, quinzenalmente, eu trago reflex\u00f5es, perguntas, ferramentas e tamb\u00e9m hist\u00f3rias de quem t\u00e1 provando que sim, \u00e9 poss\u00edvel viver da criatividade, gerar impacto e construir outro modelo de desenvolvimento \u2014 mais justo, mais coletivo e com a cara da quebrada.<\/p>\n\n\n\n<p><\/p>\n\n\n\n<p><\/p>\n\n\n\n<hr class=\"wp-block-separator has-alpha-channel-opacity\"\/>\n\n\n\n<div class=\"wp-block-group is-layout-constrained wp-block-group-is-layout-constrained\">\n<h4 class=\"wp-block-heading\"><strong>Pra fortalecer sua gira, se liga nessas refer\u00eancias:<\/strong><\/h4>\n\n\n\n<ul class=\"wp-block-list\">\n<li><strong>ANIP \u2013 Aceleradora de Neg\u00f3cios de Impacto da Periferia:<\/strong><a href=\"https:\/\/www.anip.com.br\"> www.anip.com.br<br><\/a><strong>A BANCA \u2013 Neg\u00f3cio de Impacto da Periferia:<\/strong><a href=\"https:\/\/www.abanca.org\"> www.abanca.org<br><\/a><strong>Sebrae Delas e Sebrae Afro:<\/strong> Programas de apoio pra empreendedoras e empreendedores negros.<br><strong>Perifa Connection:<\/strong> Rede de intelectuais da periferia que gera conte\u00fado potente sobre sociedade, cultura e economia.<br><strong>Injunta \u2013 Escola de Criadores da Periferia:<\/strong> Forma\u00e7\u00e3o pra quem vive de criar.<br><strong>Afrohub:<\/strong> Ecossistema de apoio a neg\u00f3cios pretos.<br><strong>Livro \u2013 \u201cNeg\u00f3cios de Impacto Social na Pr\u00e1tica\u201d<\/strong> (Andr\u00e9 Carvalhal e outros): leitura fundamental pra entender como gerar impacto com seu trampo.<br><strong>Podcast \u2013 Meteora:<\/strong> Conversas potentes com mulheres negras sobre mercado, sociedade e cultura.<br><\/li>\n<\/ul>\n<\/div>\n\n\n\n<hr class=\"wp-block-separator has-alpha-channel-opacity\"\/>\n\n\n\n<p>Se prepara, porque essa gira s\u00f3 t\u00e1 come\u00e7ando. E quando a quebrada gira, ela n\u00e3o gira sozinha \u2014 gira pro mundo inteiro.<\/p>\n\n\n\n<p>Gira Criativa. Criatividade que vira resist\u00eancia, renda e revolu\u00e7\u00e3o.<\/p>\n\n\n\n<p><\/p>\n\n\n\n<p><\/p>\n\n\n\n<p>__________________________________________________________________________________________________________________<\/p>\n\n\n\n<p><\/p>\n\n\n\n<div class=\"wp-block-media-text is-stacked-on-mobile\" style=\"grid-template-columns:27% auto\"><figure class=\"wp-block-media-text__media\"><img decoding=\"async\" width=\"1024\" height=\"1024\" src=\"https:\/\/jornalismo.mandanoticias.com.br\/wp-content\/uploads\/2025\/06\/WhatsApp-Image-2025-05-07-at-19.27.21-1-1024x1024.jpeg\" alt=\"\" class=\"wp-image-1236 size-full\" srcset=\"https:\/\/jornalismo.mandanoticias.com.br\/wp-content\/uploads\/2025\/06\/WhatsApp-Image-2025-05-07-at-19.27.21-1-1024x1024.jpeg 1024w, https:\/\/jornalismo.mandanoticias.com.br\/wp-content\/uploads\/2025\/06\/WhatsApp-Image-2025-05-07-at-19.27.21-1-300x300.jpeg 300w, https:\/\/jornalismo.mandanoticias.com.br\/wp-content\/uploads\/2025\/06\/WhatsApp-Image-2025-05-07-at-19.27.21-1-150x150.jpeg 150w, https:\/\/jornalismo.mandanoticias.com.br\/wp-content\/uploads\/2025\/06\/WhatsApp-Image-2025-05-07-at-19.27.21-1-768x768.jpeg 768w, https:\/\/jornalismo.mandanoticias.com.br\/wp-content\/uploads\/2025\/06\/WhatsApp-Image-2025-05-07-at-19.27.21-1-1536x1536.jpeg 1536w, https:\/\/jornalismo.mandanoticias.com.br\/wp-content\/uploads\/2025\/06\/WhatsApp-Image-2025-05-07-at-19.27.21-1-600x600.jpeg 600w, https:\/\/jornalismo.mandanoticias.com.br\/wp-content\/uploads\/2025\/06\/WhatsApp-Image-2025-05-07-at-19.27.21-1-400x400.jpeg 400w, https:\/\/jornalismo.mandanoticias.com.br\/wp-content\/uploads\/2025\/06\/WhatsApp-Image-2025-05-07-at-19.27.21-1.jpeg 1600w\" sizes=\"(max-width: 1024px) 100vw, 1024px\" \/><\/figure><div class=\"wp-block-media-text__content\">\n<p><strong>Gira Criativa \u2013 Um Giro Pela Pot\u00eancia da Periferia<\/strong><\/p>\n\n\n\n<p>A cada quinze dias, a Gira Criativa convida voc\u00ea para uma troca viva, pulsante e necess\u00e1ria sobre empreender na Economia Criativa e nos Neg\u00f3cios de Impacto da Periferia. Este n\u00e3o \u00e9 s\u00f3 um espa\u00e7o de fala \u2014 \u00e9 espa\u00e7o de escuta, de conex\u00e3o e, sobretudo, de celebra\u00e7\u00e3o dos saberes e fazeres que brotam dos territ\u00f3rios.<\/p>\n\n\n\n<p>Aqui, giramos saber, conhecimento e pr\u00e1tica. Costuramos sonhos com m\u00e9todo, criatividade com resist\u00eancia, cultura com desenvolvimento. Atrav\u00e9s de reflex\u00f5es, relatos e provoca\u00e7\u00f5es, vamos publicizar as pedagogias que nascem das brechas, das encruzilhadas e da for\u00e7a da Educa\u00e7\u00e3o Popular \u2014 aquela que n\u00e3o se aprende s\u00f3 em livro, mas na viv\u00eancia, no fazer coletivo e no corre di\u00e1rio de quem transforma sua realidade.<\/p>\n\n\n\n<p>A Gira Criativa \u00e9 tamb\u00e9m um chamado. Um convite para quem entende que empreender na quebrada n\u00e3o \u00e9 s\u00f3 gerar renda, \u00e9 gerar impacto, autonomia, pertencimento e futuro. Porque aqui, criar \u00e9 resistir. E resistir \u00e9 tamb\u00e9m girar: transformar, movimentar e nunca deixar parar.<\/p>\n\n\n\n<p>Vem girar com a gente. Porque quando gira na periferia, gira pro mundo inteiro.<\/p>\n<\/div><\/div>\n","protected":false},"excerpt":{"rendered":"<p>Coluna Gira Criativa Por Fabiana Ivo O que \u00e9 que te faz levantar todo dia e seguir no corre? O que \u00e9 que voc\u00ea t\u00e1 criando? E mais: pra quem sua criatividade tem gerado impacto? Se voc\u00ea acha que criatividade \u00e9 s\u00f3 pra quem vive de arte, cola aqui. Na quebrada, criatividade \u00e9 c\u00f3digo de [&hellip;]<\/p>\n","protected":false},"author":12,"featured_media":1234,"comment_status":"open","ping_status":"open","sticky":false,"template":"","format":"standard","meta":{"sb_editor_width":"","footnotes":""},"categories":[26,32,35,20],"tags":[23],"class_list":["post-1233","post","type-post","status-publish","format-standard","has-post-thumbnail","hentry","category-destaque","category-economia","category-gira-criativa","category-opiniao","tag-territorio-da-noticia"],"relative_dates":{"created":"11 meses ago","modified":"11 meses ago"},"_links":{"self":[{"href":"https:\/\/jornalismo.mandanoticias.com.br\/index.php\/wp-json\/wp\/v2\/posts\/1233","targetHints":{"allow":["GET"]}}],"collection":[{"href":"https:\/\/jornalismo.mandanoticias.com.br\/index.php\/wp-json\/wp\/v2\/posts"}],"about":[{"href":"https:\/\/jornalismo.mandanoticias.com.br\/index.php\/wp-json\/wp\/v2\/types\/post"}],"author":[{"embeddable":true,"href":"https:\/\/jornalismo.mandanoticias.com.br\/index.php\/wp-json\/wp\/v2\/users\/12"}],"replies":[{"embeddable":true,"href":"https:\/\/jornalismo.mandanoticias.com.br\/index.php\/wp-json\/wp\/v2\/comments?post=1233"}],"version-history":[{"count":5,"href":"https:\/\/jornalismo.mandanoticias.com.br\/index.php\/wp-json\/wp\/v2\/posts\/1233\/revisions"}],"predecessor-version":[{"id":1242,"href":"https:\/\/jornalismo.mandanoticias.com.br\/index.php\/wp-json\/wp\/v2\/posts\/1233\/revisions\/1242"}],"wp:featuredmedia":[{"embeddable":true,"href":"https:\/\/jornalismo.mandanoticias.com.br\/index.php\/wp-json\/wp\/v2\/media\/1234"}],"wp:attachment":[{"href":"https:\/\/jornalismo.mandanoticias.com.br\/index.php\/wp-json\/wp\/v2\/media?parent=1233"}],"wp:term":[{"taxonomy":"category","embeddable":true,"href":"https:\/\/jornalismo.mandanoticias.com.br\/index.php\/wp-json\/wp\/v2\/categories?post=1233"},{"taxonomy":"post_tag","embeddable":true,"href":"https:\/\/jornalismo.mandanoticias.com.br\/index.php\/wp-json\/wp\/v2\/tags?post=1233"}],"curies":[{"name":"wp","href":"https:\/\/api.w.org\/{rel}","templated":true}]}}