{"id":1165,"date":"2025-05-07T10:07:47","date_gmt":"2025-05-07T13:07:47","guid":{"rendered":"https:\/\/jornalismo.mandanoticias.com.br\/?p=1165"},"modified":"2025-05-07T10:07:47","modified_gmt":"2025-05-07T13:07:47","slug":"professores-do-municipio-suspendem-a-greve-e-retornam-ao-trabalho-hoje-07-servidores-da-rede-estadual-permanecem-paralisados","status":"publish","type":"post","link":"https:\/\/jornalismo.mandanoticias.com.br\/index.php\/2025\/05\/07\/professores-do-municipio-suspendem-a-greve-e-retornam-ao-trabalho-hoje-07-servidores-da-rede-estadual-permanecem-paralisados\/","title":{"rendered":"Professores do munic\u00edpio suspendem a greve e retornam ao trabalho hoje (07); Servidores da rede estadual permanecem paralisados"},"content":{"rendered":"\n<figure class=\"wp-block-image size-full\"><img fetchpriority=\"high\" decoding=\"async\" width=\"1024\" height=\"576\" src=\"https:\/\/jornalismo.mandanoticias.com.br\/wp-content\/uploads\/2025\/05\/profes_munc_SP-1024x576.jpg-1.webp\" alt=\"\" class=\"wp-image-1168\" srcset=\"https:\/\/jornalismo.mandanoticias.com.br\/wp-content\/uploads\/2025\/05\/profes_munc_SP-1024x576.jpg-1.webp 1024w, https:\/\/jornalismo.mandanoticias.com.br\/wp-content\/uploads\/2025\/05\/profes_munc_SP-1024x576.jpg-1-300x169.webp 300w, https:\/\/jornalismo.mandanoticias.com.br\/wp-content\/uploads\/2025\/05\/profes_munc_SP-1024x576.jpg-1-768x432.webp 768w\" sizes=\"(max-width: 1024px) 100vw, 1024px\" \/><\/figure>\n\n\n\n<p class=\"has-text-align-right\"><sub><em>Foto: Sinesp<\/em><\/sub><\/p>\n\n\n\n<p><em>Por Carolina Rosa<\/em><\/p>\n\n\n\n<p><\/p>\n\n\n\n<p>Ap\u00f3s mais de vinte dias de paralisa\u00e7\u00e3o, os professores e servidores p\u00fablicos da capital paulista aceitaram a proposta do prefeito Ricardo Nunes, e decidiram retomar as aulas nessa quarta-feira (07).&nbsp;<\/p>\n\n\n\n<p><\/p>\n\n\n\n<p>A decis\u00e3o foi tomada ap\u00f3s assembleia realizada ontem, 6 de maio, em frente \u00e0 Prefeitura de S\u00e3o Paulo, no centro da capital. Durante o encontro, foi apresentada uma lista com os compromissos, aceitos pelos Coordena\u00e7\u00e3o das Entidades Sindicais Espec\u00edficas da Educa\u00e7\u00e3o Municipal (Coeduc), que re\u00fane entidades representativas como o Sindicato dos Profissionais em Educa\u00e7\u00e3o no Ensino Municipal de S\u00e3o Paulo (Sinpeem), o Sindicato dos Trabalhadores nas Unidades de Educa\u00e7\u00e3o Infantil da Rede Direta e Aut\u00e1rquica do Munic\u00edpio de S\u00e3o Paulo (Sedin) e o Sindicato dos Especialistas de Educa\u00e7\u00e3o do Ensino P\u00fablico Municipal de S\u00e3o Paulo (Sinesp).<\/p>\n\n\n\n<p><\/p>\n\n\n\n<p class=\"has-medium-font-size\"><strong>Principais compromissos assumidos pela Prefeitura<\/strong><\/p>\n\n\n\n<p><\/p>\n\n\n\n<p>Durante a assembleia, foram apresentados quinze compromissos que a Prefeitura de S\u00e3o Paulo firmou com a Coordena\u00e7\u00e3o das Entidades Sindicais Espec\u00edficas da Educa\u00e7\u00e3o Municipal (Coeduc). <\/p>\n\n\n\n<p><\/p>\n\n\n\n<div class=\"wp-block-group is-layout-constrained wp-block-group-is-layout-constrained\">\n<p><strong>Confira os principais itens:<\/strong><\/p>\n\n\n\n<ul class=\"wp-block-list\">\n<li>Emiss\u00e3o de portaria autorizando a reposi\u00e7\u00e3o dos dias paralisados, tanto da greve quanto das mobiliza\u00e7\u00f5es regionais. Escolas que registrarem falta dever\u00e3o restituir o pagamento dos dias;<\/li>\n<\/ul>\n\n\n\n<ul class=\"wp-block-list\">\n<li>Abertura de peti\u00e7\u00e3o judicial para solicitar a suspens\u00e3o da a\u00e7\u00e3o contra o movimento grevista;<\/li>\n<\/ul>\n\n\n\n<ul class=\"wp-block-list\">\n<li>Pagamento do Pr\u00eamio de Desempenho Educacional (PDE) programado para agosto de 2025;<\/li>\n<\/ul>\n\n\n\n<ul class=\"wp-block-list\">\n<li>Amplia\u00e7\u00e3o do n\u00famero de servidores na rede da Secretaria Municipal de Educa\u00e7\u00e3o;<\/li>\n<\/ul>\n\n\n\n<ul class=\"wp-block-list\">\n<li>Implanta\u00e7\u00e3o de programas de forma\u00e7\u00e3o para atendimento de crian\u00e7as com Transtorno do Espectro Autista;<\/li>\n<\/ul>\n\n\n\n<ul class=\"wp-block-list\">\n<li>Elabora\u00e7\u00e3o de um plano para climatiza\u00e7\u00e3o das escolas municipais;<\/li>\n<\/ul>\n\n\n\n<ul class=\"wp-block-list\">\n<li>Anula\u00e7\u00e3o das faltas registradas para as educadoras infantis que aderiram \u00e0 paralisa\u00e7\u00e3o.<\/li>\n<\/ul>\n<\/div>\n\n\n\n<p><\/p>\n\n\n\n<p>Apesar do retorno ao trabalho, a categoria permanece insatisfeita com a aprova\u00e7\u00e3o do Projeto de Lei (PL) conhecido como &#8220;PL do arrocho&#8221;, que n\u00e3o resultou em ganhos reais nos vencimentos dos profissionais da educa\u00e7\u00e3o e foi o estopim para in\u00edcio da greve.<\/p>\n\n\n\n<p><\/p>\n\n\n\n<p class=\"has-medium-font-size\"><strong>\u201cPL do Arrocho\u201d prev\u00ea reajuste abaixo da infla\u00e7\u00e3o para servidores e professores<\/strong><\/p>\n\n\n\n<p><\/p>\n\n\n\n<p>Publicado em 11 de abril, o <a href=\"https:\/\/legislacao.prefeitura.sp.gov.br\/leis\/projeto-de-lei-416-de-10-de-abril-de-2025\/detalhe\/67f95c4c5b678af546a4eda8\">Projeto de Lei (PL) 416\/2025<\/a>, proposta pelo prefeito Ricardo Nunes, tem sido alvo de muitas cr\u00edticas pelos profissionais da educa\u00e7\u00e3o, sendo, inclusive, o principal motivador para paralisa\u00e7\u00e3o geral, iniciada em 16 de abril.<\/p>\n\n\n\n<p><\/p>\n\n\n\n<p>Mesma com as diversas manifesta\u00e7\u00f5es dos servidores p\u00fablicos, que apelidaram o projeto como &#8220;PL do arrocho&#8221; e mesmo com a articula\u00e7\u00e3o dos vereadores contr\u00e1rios a proposta, a C\u00e2mara Municipal de S\u00e3o Paulo, aprovou o PL de Ricardo Nunes em 23 de abril, com 34 votos favor\u00e1veis e 17 contr\u00e1rios.<\/p>\n\n\n\n<p><\/p>\n\n\n\n<p>Em meio a uma sess\u00e3o marcada por tumulto e debates acalorado, os parlamentares aprovaram o reajuste salarial de 2,6% a ser aplicado a partir de maio deste ano e um segundo reajuste de 2,55% a partir de maio de 2026. No entanto, o aumento est\u00e1 abaixo da infla\u00e7\u00e3o acumulada desde a \u00faltima corre\u00e7\u00e3o. De acordo com o \u00cdndice de Pre\u00e7os ao Consumidor do Munic\u00edpio de S\u00e3o Paulo (IPC-Fipe), a varia\u00e7\u00e3o de pre\u00e7os entre mar\u00e7o de 2024 e mar\u00e7o de 2025 foi de 5,16%.<\/p>\n\n\n\n<p><\/p>\n\n\n\n<p>A categoria reivindicava um reajuste linear de 12,9% para todo o funcionalismo e o fim do desconto previdenci\u00e1rio de 14% sobre aposentados e pensionistas, al\u00e9m do aumento do piso salarial para todos os profissionais da educa\u00e7\u00e3o municipal.<\/p>\n\n\n\n<p><\/p>\n\n\n\n<p class=\"has-medium-font-size\"><strong>Servidores da rede estadual seguem paralisados<\/strong><\/p>\n\n\n\n<p><\/p>\n\n\n\n<p>A greve dos professores come\u00e7ou no dia 15 de abril, em uma decis\u00e3o coletiva, entre a rede municipal e estadual. No caso da rede municipal, o Sindicato dos Especialistas de Educa\u00e7\u00e3o do Ensino P\u00fablico Municipal de S\u00e3o Paulo (Sinesp) e professores mobilizados aceitaram as propostas da Prefeitura e encerraram a greve. Mas, a paralisa\u00e7\u00e3o, liderada pelo Sindicato dos Professores do Ensino Oficial do Estado (APEOESP), segue ativa devido \u00e0 categoria considerar as respostas insuficientes.&nbsp;<\/p>\n\n\n\n<p><\/p>\n","protected":false},"excerpt":{"rendered":"<p>Foto: Sinesp Por Carolina Rosa Ap\u00f3s mais de vinte dias de paralisa\u00e7\u00e3o, os professores e servidores p\u00fablicos da capital paulista aceitaram a proposta do prefeito Ricardo Nunes, e decidiram retomar as aulas nessa quarta-feira (07).&nbsp; A decis\u00e3o foi tomada ap\u00f3s assembleia realizada ontem, 6 de maio, em frente \u00e0 Prefeitura de S\u00e3o Paulo, no centro [&hellip;]<\/p>\n","protected":false},"author":4,"featured_media":1167,"comment_status":"open","ping_status":"open","sticky":false,"template":"","format":"standard","meta":{"sb_editor_width":"","footnotes":""},"categories":[26,22],"tags":[],"class_list":["post-1165","post","type-post","status-publish","format-standard","has-post-thumbnail","hentry","category-destaque","category-juventudes"],"relative_dates":{"created":"12 meses ago","modified":"12 meses ago"},"_links":{"self":[{"href":"https:\/\/jornalismo.mandanoticias.com.br\/index.php\/wp-json\/wp\/v2\/posts\/1165","targetHints":{"allow":["GET"]}}],"collection":[{"href":"https:\/\/jornalismo.mandanoticias.com.br\/index.php\/wp-json\/wp\/v2\/posts"}],"about":[{"href":"https:\/\/jornalismo.mandanoticias.com.br\/index.php\/wp-json\/wp\/v2\/types\/post"}],"author":[{"embeddable":true,"href":"https:\/\/jornalismo.mandanoticias.com.br\/index.php\/wp-json\/wp\/v2\/users\/4"}],"replies":[{"embeddable":true,"href":"https:\/\/jornalismo.mandanoticias.com.br\/index.php\/wp-json\/wp\/v2\/comments?post=1165"}],"version-history":[{"count":2,"href":"https:\/\/jornalismo.mandanoticias.com.br\/index.php\/wp-json\/wp\/v2\/posts\/1165\/revisions"}],"predecessor-version":[{"id":1169,"href":"https:\/\/jornalismo.mandanoticias.com.br\/index.php\/wp-json\/wp\/v2\/posts\/1165\/revisions\/1169"}],"wp:featuredmedia":[{"embeddable":true,"href":"https:\/\/jornalismo.mandanoticias.com.br\/index.php\/wp-json\/wp\/v2\/media\/1167"}],"wp:attachment":[{"href":"https:\/\/jornalismo.mandanoticias.com.br\/index.php\/wp-json\/wp\/v2\/media?parent=1165"}],"wp:term":[{"taxonomy":"category","embeddable":true,"href":"https:\/\/jornalismo.mandanoticias.com.br\/index.php\/wp-json\/wp\/v2\/categories?post=1165"},{"taxonomy":"post_tag","embeddable":true,"href":"https:\/\/jornalismo.mandanoticias.com.br\/index.php\/wp-json\/wp\/v2\/tags?post=1165"}],"curies":[{"name":"wp","href":"https:\/\/api.w.org\/{rel}","templated":true}]}}