{"id":1113,"date":"2025-04-11T16:53:09","date_gmt":"2025-04-11T19:53:09","guid":{"rendered":"https:\/\/jornalismo.mandanoticias.com.br\/?p=1113"},"modified":"2025-04-11T16:53:09","modified_gmt":"2025-04-11T19:53:09","slug":"dengue-avanca-e-jardim-angela-capao-redondo-e-grajau-sao-os-distritos-mais-afetados-da-cidade","status":"publish","type":"post","link":"https:\/\/jornalismo.mandanoticias.com.br\/index.php\/2025\/04\/11\/dengue-avanca-e-jardim-angela-capao-redondo-e-grajau-sao-os-distritos-mais-afetados-da-cidade\/","title":{"rendered":"Dengue avan\u00e7a e Jardim \u00c2ngela, Cap\u00e3o Redondo e Graja\u00fa s\u00e3o os distritos mais afetados da cidade"},"content":{"rendered":"\n<p><mark style=\"background-color:#ff6900\" class=\"has-inline-color\">Sa\u00fade<\/mark><\/p>\n\n\n\n<figure class=\"wp-block-image size-large is-resized\"><img fetchpriority=\"high\" decoding=\"async\" width=\"1024\" height=\"613\" src=\"https:\/\/jornalismo.mandanoticias.com.br\/wp-content\/uploads\/2025\/04\/vacina_dengue_06-1024x613.webp\" alt=\"\" class=\"wp-image-1114\" style=\"width:879px;height:auto\" srcset=\"https:\/\/jornalismo.mandanoticias.com.br\/wp-content\/uploads\/2025\/04\/vacina_dengue_06-1024x613.webp 1024w, https:\/\/jornalismo.mandanoticias.com.br\/wp-content\/uploads\/2025\/04\/vacina_dengue_06-300x179.webp 300w, https:\/\/jornalismo.mandanoticias.com.br\/wp-content\/uploads\/2025\/04\/vacina_dengue_06-768x459.webp 768w, https:\/\/jornalismo.mandanoticias.com.br\/wp-content\/uploads\/2025\/04\/vacina_dengue_06.webp 1170w\" sizes=\"(max-width: 1024px) 100vw, 1024px\" \/><\/figure>\n\n\n\n<p class=\"has-text-align-right\"><em><sub>Foto: Paulo Pinto\/Ag\u00eancia Brasil<\/sub><\/em><\/p>\n\n\n\n<p><\/p>\n\n\n\n<p><em>Por Meii Aparecida<\/em><\/p>\n\n\n\n<p><\/p>\n\n\n\n<p>A zona sul de S\u00e3o Paulo se tornou epicentro da transmiss\u00e3o de dengue em todo o estado, conforme demonstra o \u00faltimo <a href=\"https:\/\/capital.sp.gov.br\/web\/saude\/w\/vigilancia_em_saude\/boletim_covisa\/267596\">boletim epidemiol\u00f3gico<\/a> divulgado pela Coordenadoria de Vigil\u00e2ncia em Sa\u00fade da Secretaria Municipal da Sa\u00fade de S\u00e3o Paulo (COVISA\/SMS-SP).<\/p>\n\n\n\n<p><\/p>\n\n\n\n<p>Segundo o levantamento, os tr\u00eas distritos com maior n\u00famero de casos est\u00e3o na mesma regi\u00e3o da cidade, s\u00e3o eles: Jardim \u00c2ngela com 1.921 casos registrados; Cap\u00e3o Redondo com 1.199 casos; e Graja\u00fa com 980 casos.<\/p>\n\n\n\n<p><\/p>\n\n\n\n<p>O distrito do Pari, localizado na regi\u00e3o sudeste, \u00e9 onde h\u00e1 menor incid\u00eancia da doen\u00e7a, com apenas 11 casos registrados.<\/p>\n\n\n\n<p><\/p>\n\n\n\n<div class=\"wp-block-group is-layout-constrained wp-block-group-is-layout-constrained\">\n<p class=\"has-medium-font-size\"><strong>Principais sintomas<\/strong><\/p>\n\n\n\n<p>A transmiss\u00e3o da dengue \u00e9 feita atrav\u00e9s da picada do mosquito<em> Aedes Aegypti<\/em> infectado pelo v\u00edrus. Entre os principais sintomas, est\u00e3o:\u00a0<br>Febre corporal acima dos 38 C;<br>Dores de cabe\u00e7a nas articula\u00e7\u00f5es e atr\u00e1s dos olhos;<br>Coceira, erup\u00e7\u00f5es avermelhadas na pele.<br><br>Entre os sintomas menos frequentes, est\u00e3o: n\u00e1useas, v\u00f4mitos, sangramento em mucosas, dor abdominal intensa e tontura ao levantar.<br>ntre a popula\u00e7\u00e3o mais vulner\u00e1vel \u00e0 doen\u00e7a, est\u00e3o: gestantes, crian\u00e7as, idosos de at\u00e9 dois anos, doen\u00e7as cr\u00f4nicas, imunodeprimidos e pacientes em tratamento contra o c\u00e2ncer e HIV.\u00a0<\/p>\n<\/div>\n\n\n\n<p><\/p>\n\n\n\n<div class=\"wp-block-group is-layout-constrained wp-block-group-is-layout-constrained\">\n<p class=\"has-medium-font-size\"><strong>Cobertura de vacina&nbsp;<\/strong><\/p>\n\n\n\n<p>O Governo de S\u00e3o Paulo refor\u00e7ou a import\u00e2ncia da vacina\u00e7\u00e3o contra a dengue e alerta pais e respons\u00e1veis sobre a necessidade de imunizar crian\u00e7as e adolescentes entre 10 e 14 anos. A campanha de imuniza\u00e7\u00e3o est\u00e1 em andamento em 392 munic\u00edpios paulistas, seguindo os crit\u00e9rios estabelecidos pelo Minist\u00e9rio da Sa\u00fade (MS).<br>Desde o in\u00edcio da vacina\u00e7\u00e3o, em fevereiro de 2024, at\u00e9 o dia 19 de fevereiro de 2025, foram aplicadas 670.936 primeiras doses e 268.665 segundas doses no estado, o que corresponde a uma cobertura vacinal de 27,91% e 11,18%, respectivamente.<\/p>\n<\/div>\n\n\n\n<p><\/p>\n\n\n\n<div class=\"wp-block-group is-layout-constrained wp-block-group-is-layout-constrained\">\n<div class=\"wp-block-group is-layout-constrained wp-block-group-is-layout-constrained\">\n<p class=\"has-medium-font-size\"><strong>Preven\u00e7\u00e3o \u00e9 o melhor rem\u00e9dio<\/strong><\/p>\n\n\n\n<p>Para a preven\u00e7\u00e3o do prolifera\u00e7\u00e3o do mosquito \u00e9 necess\u00e1rio eliminar os criadouros, recipientes que acumulam \u00e1gua como pneus, garrafas, e vasos de plantas, manter caixas d\u2019\u00e1gua e reservat\u00f3rios tampados, desobstruir calhas, lajes e ralos, manter as lixeiras bem fechadas, cobrir piscinas, entre outros. A maior taxa de prolifera\u00e7\u00e3o do mosquito \u00e9 durante os tempos de chuvas em qualquer espa\u00e7o que possui \u00e1gua parada.<\/p>\n<\/div>\n<\/div>\n\n\n\n<p><\/p>\n\n\n\n<div class=\"wp-block-group is-layout-constrained wp-block-group-is-layout-constrained\">\n<p class=\"has-medium-font-size\"><strong>Tire suas d\u00favidas<\/strong><\/p>\n\n\n\n<p>Para esclarecer informa\u00e7\u00f5es e combater fake news, o Governo de SP lan\u00e7ou o portal \u201cDengue 100 D\u00favidas\u201d, que re\u00fane as perguntas mais frequentes sobre dengue, Zika e chikungunya. Acesse: <a href=\"http:\/\/www.dengue100duvidas.sp.gov.br\">www.dengue100duvidas.sp.gov.br.<\/a><\/p>\n<\/div>\n\n\n\n<p><\/p>\n","protected":false},"excerpt":{"rendered":"<p>Sa\u00fade Foto: Paulo Pinto\/Ag\u00eancia Brasil Por Meii Aparecida A zona sul de S\u00e3o Paulo se tornou epicentro da transmiss\u00e3o de dengue em todo o estado, conforme demonstra o \u00faltimo boletim epidemiol\u00f3gico divulgado pela Coordenadoria de Vigil\u00e2ncia em Sa\u00fade da Secretaria Municipal da Sa\u00fade de S\u00e3o Paulo (COVISA\/SMS-SP). Segundo o levantamento, os tr\u00eas distritos com maior [&hellip;]<\/p>\n","protected":false},"author":4,"featured_media":1114,"comment_status":"open","ping_status":"open","sticky":false,"template":"","format":"standard","meta":{"sb_editor_width":"","footnotes":""},"categories":[26,31],"tags":[23],"class_list":["post-1113","post","type-post","status-publish","format-standard","has-post-thumbnail","hentry","category-destaque","category-saude","tag-territorio-da-noticia"],"relative_dates":{"created":"1 ano ago","modified":"1 ano ago"},"_links":{"self":[{"href":"https:\/\/jornalismo.mandanoticias.com.br\/index.php\/wp-json\/wp\/v2\/posts\/1113","targetHints":{"allow":["GET"]}}],"collection":[{"href":"https:\/\/jornalismo.mandanoticias.com.br\/index.php\/wp-json\/wp\/v2\/posts"}],"about":[{"href":"https:\/\/jornalismo.mandanoticias.com.br\/index.php\/wp-json\/wp\/v2\/types\/post"}],"author":[{"embeddable":true,"href":"https:\/\/jornalismo.mandanoticias.com.br\/index.php\/wp-json\/wp\/v2\/users\/4"}],"replies":[{"embeddable":true,"href":"https:\/\/jornalismo.mandanoticias.com.br\/index.php\/wp-json\/wp\/v2\/comments?post=1113"}],"version-history":[{"count":1,"href":"https:\/\/jornalismo.mandanoticias.com.br\/index.php\/wp-json\/wp\/v2\/posts\/1113\/revisions"}],"predecessor-version":[{"id":1115,"href":"https:\/\/jornalismo.mandanoticias.com.br\/index.php\/wp-json\/wp\/v2\/posts\/1113\/revisions\/1115"}],"wp:featuredmedia":[{"embeddable":true,"href":"https:\/\/jornalismo.mandanoticias.com.br\/index.php\/wp-json\/wp\/v2\/media\/1114"}],"wp:attachment":[{"href":"https:\/\/jornalismo.mandanoticias.com.br\/index.php\/wp-json\/wp\/v2\/media?parent=1113"}],"wp:term":[{"taxonomy":"category","embeddable":true,"href":"https:\/\/jornalismo.mandanoticias.com.br\/index.php\/wp-json\/wp\/v2\/categories?post=1113"},{"taxonomy":"post_tag","embeddable":true,"href":"https:\/\/jornalismo.mandanoticias.com.br\/index.php\/wp-json\/wp\/v2\/tags?post=1113"}],"curies":[{"name":"wp","href":"https:\/\/api.w.org\/{rel}","templated":true}]}}