{"id":1021,"date":"2025-03-19T12:13:23","date_gmt":"2025-03-19T15:13:23","guid":{"rendered":"https:\/\/jornalismo.mandanoticias.com.br\/?p=1021"},"modified":"2025-03-19T12:20:58","modified_gmt":"2025-03-19T15:20:58","slug":"formacao-gratuita-para-jovens-comunicadores-com-inscricoes-ate-27-de-marco","status":"publish","type":"post","link":"https:\/\/jornalismo.mandanoticias.com.br\/index.php\/2025\/03\/19\/formacao-gratuita-para-jovens-comunicadores-com-inscricoes-ate-27-de-marco\/","title":{"rendered":"Forma\u00e7\u00e3o gratuita para jovens comunicadores com inscri\u00e7\u00f5es at\u00e9 27 de mar\u00e7o\u00a0"},"content":{"rendered":"\n<p><mark style=\"background-color:#fcb900\" class=\"has-inline-color\">Juventudes<\/mark><\/p>\n\n\n\n<figure class=\"wp-block-image size-large is-resized\"><img fetchpriority=\"high\" decoding=\"async\" width=\"1024\" height=\"683\" src=\"https:\/\/jornalismo.mandanoticias.com.br\/wp-content\/uploads\/2025\/03\/WhatsApp-Image-2025-03-19-at-11.47.50-1024x683.jpeg\" alt=\"\" class=\"wp-image-1022\" style=\"width:915px;height:auto\" srcset=\"https:\/\/jornalismo.mandanoticias.com.br\/wp-content\/uploads\/2025\/03\/WhatsApp-Image-2025-03-19-at-11.47.50-1024x683.jpeg 1024w, https:\/\/jornalismo.mandanoticias.com.br\/wp-content\/uploads\/2025\/03\/WhatsApp-Image-2025-03-19-at-11.47.50-300x200.jpeg 300w, https:\/\/jornalismo.mandanoticias.com.br\/wp-content\/uploads\/2025\/03\/WhatsApp-Image-2025-03-19-at-11.47.50-768x512.jpeg 768w, https:\/\/jornalismo.mandanoticias.com.br\/wp-content\/uploads\/2025\/03\/WhatsApp-Image-2025-03-19-at-11.47.50-1536x1024.jpeg 1536w, https:\/\/jornalismo.mandanoticias.com.br\/wp-content\/uploads\/2025\/03\/WhatsApp-Image-2025-03-19-at-11.47.50.jpeg 1600w\" sizes=\"(max-width: 1024px) 100vw, 1024px\" \/><\/figure>\n\n\n\n<p class=\"has-text-align-right\"><em><sub>Foto: Acervo U-Reporter<\/sub><\/em><\/p>\n\n\n\n<p><em>Por Meii Aparecida<\/em><br><\/p>\n\n\n\n<p>Jovens comunicadores entre 15 e 25 anos, engajados em fortalecer a juventude do seu territ\u00f3rio, podem se inscrever at\u00e9 o dia 27 de mar\u00e7o no programa <a href=\"https:\/\/brasil.ureport.in\/\">U-Reportagem Brasil<\/a>, que promover\u00e1, entre outras coisas, encontros formativos e mentoria t\u00e9cnica criativa para a produ\u00e7\u00e3o de conte\u00fados.<\/p>\n\n\n\n<p>Desenvolvido pela UNICEF, <a href=\"https:\/\/brasil.ureport.in\/\">U-Reportagem Brasil<\/a> \u00e9 um programa global que promove por meio das redes sociais a participa\u00e7\u00e3o na cidadania dos jovens, que est\u00e1 presente no Brasil desde 2017. Com o prop\u00f3sito de promover engajamento e provocar mudan\u00e7as nas vidas de pessoas a partir de a\u00e7\u00f5es no meio digital, o programa tem a finalidade de ser uma plataforma leg\u00edtima e representativa, servindo como ferramenta de consulta acess\u00edvel online de dados sobre temas relevantes.<\/p>\n\n\n\n<p>O programa \u00e9 realizado pela organiza\u00e7\u00e3o sem fins lucrativos, a <a href=\"https:\/\/viracao.org\/\">Vira\u00e7\u00e3o Educomunica\u00e7\u00e3o<\/a>,&nbsp; uma organiza\u00e7\u00e3o que existe desde 2003, desenvolvendo atividades sobre direitos humanos como meio ambiente, sa\u00fade, pol\u00edtica e participa\u00e7\u00e3o cidad\u00e3, diversidade, igualdade de g\u00eanero e sexualidade.<\/p>\n\n\n\n<p>As inscri\u00e7\u00f5es est\u00e3o abertas e busca formar novos jovens comunicadores. Para a sele\u00e7\u00e3o dos inscritos, ser\u00e3o levadas em considera\u00e7\u00e3o a diversidade dos candidatos seguindo os marcadores sociais: ra\u00e7a, g\u00eanero, sexualidade, localidade, entre outros.&nbsp;<br><\/p>\n\n\n\n<figure class=\"wp-block-image size-large is-resized\"><img decoding=\"async\" width=\"1024\" height=\"683\" src=\"https:\/\/jornalismo.mandanoticias.com.br\/wp-content\/uploads\/2025\/03\/WhatsApp-Image-2025-03-19-at-11.49.34-1-1-1024x683.jpeg\" alt=\"\" class=\"wp-image-1024\" style=\"width:915px;height:auto\" srcset=\"https:\/\/jornalismo.mandanoticias.com.br\/wp-content\/uploads\/2025\/03\/WhatsApp-Image-2025-03-19-at-11.49.34-1-1-1024x683.jpeg 1024w, https:\/\/jornalismo.mandanoticias.com.br\/wp-content\/uploads\/2025\/03\/WhatsApp-Image-2025-03-19-at-11.49.34-1-1-300x200.jpeg 300w, https:\/\/jornalismo.mandanoticias.com.br\/wp-content\/uploads\/2025\/03\/WhatsApp-Image-2025-03-19-at-11.49.34-1-1-768x512.jpeg 768w, https:\/\/jornalismo.mandanoticias.com.br\/wp-content\/uploads\/2025\/03\/WhatsApp-Image-2025-03-19-at-11.49.34-1-1-1536x1024.jpeg 1536w, https:\/\/jornalismo.mandanoticias.com.br\/wp-content\/uploads\/2025\/03\/WhatsApp-Image-2025-03-19-at-11.49.34-1-1.jpeg 1600w\" sizes=\"(max-width: 1024px) 100vw, 1024px\" \/><\/figure>\n\n\n\n<p class=\"has-text-align-right\"><em><sub>Foto: Alberson Veloso Rodrigues<\/sub><\/em><\/p>\n\n\n\n<p><\/p>\n\n\n\n<p>A forma\u00e7\u00e3o \u00e9 totalmente gratuita e destinada a comunicadores que se interessam por redes sociais, jornalismo, ativismo ou simplesmente querem usar sua voz para mudar realidades, criando conte\u00fados de impacto e repercutindo causas importantes.<\/p>\n\n\n\n<p>Os encontros acontecer\u00e3o toda sexta-feira \u00e0 noite a partir das 18h30, os conte\u00fados das aulas ser\u00e3o facultativas, estando&nbsp; sempre relacionadas ao tema do m\u00eas.&nbsp;<\/p>\n\n\n\n<p><strong>Requisitos para participar:<\/strong><\/p>\n\n\n\n<p>\u2013 Pessoas que se autodeclaram negras, pardas ou ind\u00edgenas<br>\u2013 Pessoas de baixa renda<br>\u2013 Pessoas LGBTQIA+<br>\u2013 Ter entre 15 a 25 anos<\/p>\n\n\n\n<p><strong>Etapas:<\/strong><\/p>\n\n\n\n<p>Prazo de inscri\u00e7\u00e3o: 27\/03\/2025<\/p>\n\n\n\n<p>Para saber mais e se inscrever, acesse: <a href=\"https:\/\/www.instagram.com\/viracaoeducom\/\">https:\/\/www.instagram.com\/viracaoeducom\/<\/a><\/p>\n\n\n\n<p>Link do Forms para a inscri\u00e7\u00e3o: <a href=\"https:\/\/docs.google.com\/forms\/d\/e\/1FAIpQLSfIGNvK4cacCkf6FvGXfJB0ebPn56mE1CAHkndsXSrHZk_v2g\/formResponse\">Inscri\u00e7\u00e3o | Jovens comunicadores U-REPORT Brasil<\/a><\/p>\n\n\n\n<p><\/p>\n","protected":false},"excerpt":{"rendered":"<p>Juventudes Foto: Acervo U-Reporter Por Meii Aparecida Jovens comunicadores entre 15 e 25 anos, engajados em fortalecer a juventude do seu territ\u00f3rio, podem se inscrever at\u00e9 o dia 27 de mar\u00e7o no programa U-Reportagem Brasil, que promover\u00e1, entre outras coisas, encontros formativos e mentoria t\u00e9cnica criativa para a produ\u00e7\u00e3o de conte\u00fados. Desenvolvido pela UNICEF, U-Reportagem [&hellip;]<\/p>\n","protected":false},"author":4,"featured_media":1023,"comment_status":"open","ping_status":"open","sticky":false,"template":"","format":"standard","meta":{"sb_editor_width":"","footnotes":""},"categories":[26,22],"tags":[],"class_list":["post-1021","post","type-post","status-publish","format-standard","has-post-thumbnail","hentry","category-destaque","category-juventudes"],"relative_dates":{"created":"1 ano ago","modified":"1 ano ago"},"_links":{"self":[{"href":"https:\/\/jornalismo.mandanoticias.com.br\/index.php\/wp-json\/wp\/v2\/posts\/1021","targetHints":{"allow":["GET"]}}],"collection":[{"href":"https:\/\/jornalismo.mandanoticias.com.br\/index.php\/wp-json\/wp\/v2\/posts"}],"about":[{"href":"https:\/\/jornalismo.mandanoticias.com.br\/index.php\/wp-json\/wp\/v2\/types\/post"}],"author":[{"embeddable":true,"href":"https:\/\/jornalismo.mandanoticias.com.br\/index.php\/wp-json\/wp\/v2\/users\/4"}],"replies":[{"embeddable":true,"href":"https:\/\/jornalismo.mandanoticias.com.br\/index.php\/wp-json\/wp\/v2\/comments?post=1021"}],"version-history":[{"count":1,"href":"https:\/\/jornalismo.mandanoticias.com.br\/index.php\/wp-json\/wp\/v2\/posts\/1021\/revisions"}],"predecessor-version":[{"id":1025,"href":"https:\/\/jornalismo.mandanoticias.com.br\/index.php\/wp-json\/wp\/v2\/posts\/1021\/revisions\/1025"}],"wp:featuredmedia":[{"embeddable":true,"href":"https:\/\/jornalismo.mandanoticias.com.br\/index.php\/wp-json\/wp\/v2\/media\/1023"}],"wp:attachment":[{"href":"https:\/\/jornalismo.mandanoticias.com.br\/index.php\/wp-json\/wp\/v2\/media?parent=1021"}],"wp:term":[{"taxonomy":"category","embeddable":true,"href":"https:\/\/jornalismo.mandanoticias.com.br\/index.php\/wp-json\/wp\/v2\/categories?post=1021"},{"taxonomy":"post_tag","embeddable":true,"href":"https:\/\/jornalismo.mandanoticias.com.br\/index.php\/wp-json\/wp\/v2\/tags?post=1021"}],"curies":[{"name":"wp","href":"https:\/\/api.w.org\/{rel}","templated":true}]}}