{"id":1012,"date":"2025-03-14T17:45:37","date_gmt":"2025-03-14T20:45:37","guid":{"rendered":"https:\/\/jornalismo.mandanoticias.com.br\/?p=1012"},"modified":"2025-03-14T17:46:23","modified_gmt":"2025-03-14T20:46:23","slug":"escola-de-idiomas-acessivel-abre-turma-virtual-gratuita-para-alunos-de-baixa-renda","status":"publish","type":"post","link":"https:\/\/jornalismo.mandanoticias.com.br\/index.php\/2025\/03\/14\/escola-de-idiomas-acessivel-abre-turma-virtual-gratuita-para-alunos-de-baixa-renda\/","title":{"rendered":"Escola de idiomas acess\u00edvel, abre turma virtual gratuita para alunos de baixa renda"},"content":{"rendered":"\n<p><mark style=\"background-color:#8ed1fc\" class=\"has-inline-color\">Educa\u00e7\u00e3o<\/mark> <\/p>\n\n\n\n<figure class=\"wp-block-image size-large is-resized\"><img fetchpriority=\"high\" decoding=\"async\" width=\"1024\" height=\"768\" src=\"https:\/\/jornalismo.mandanoticias.com.br\/wp-content\/uploads\/2025\/03\/1000068611-1024x768.jpg\" alt=\"\" class=\"wp-image-1013\" style=\"width:531px;height:auto\" srcset=\"https:\/\/jornalismo.mandanoticias.com.br\/wp-content\/uploads\/2025\/03\/1000068611-1024x768.jpg 1024w, https:\/\/jornalismo.mandanoticias.com.br\/wp-content\/uploads\/2025\/03\/1000068611-300x225.jpg 300w, https:\/\/jornalismo.mandanoticias.com.br\/wp-content\/uploads\/2025\/03\/1000068611-768x576.jpg 768w, https:\/\/jornalismo.mandanoticias.com.br\/wp-content\/uploads\/2025\/03\/1000068611.jpg 1080w\" sizes=\"(max-width: 1024px) 100vw, 1024px\" \/><\/figure>\n\n\n\n<p class=\"has-text-align-right\"><sub><em>foto: Acervo Perifluentes <\/em><\/sub><\/p>\n\n\n\n<p>Por: Lucas Oliveira<\/p>\n\n\n\n<p>At\u00e9 o dia 20 de mar\u00e7o, pessoas de baixa renda, maiores de 18 anos, t\u00eam a oportunidade de se inscrever para cursar ingl\u00eas sem sair de casa e de gra\u00e7a.<\/p>\n\n\n\n<p>A Perifluentes, escola virtual que busca democratizar o acesso ao estudo de idiomas, est\u00e1 com inscri\u00e7\u00f5es abertas para alunos que precisam de um apoio financeiro para iniciar o estudo da l\u00edngua inglesa. <\/p>\n\n\n\n<p>As vagas s\u00e3o limitadas, para participar o candidato precisa atender os requisitos do formul\u00e1rio de inscri\u00e7\u00e3o, dispon\u00edveis no perfil do Instagram (ou no final desta not\u00edcia) e realizar uma entrevista com os fundadores.<\/p>\n\n\n\n<p>As aulas acontecem aos s\u00e1bados de manh\u00e3, de maneira virtual, e s\u00e3o divididas em 32 m\u00f3dulos  com aulas gravadas de 30 minutos e aulas ao vivo de 1h30. A escola foi criada por Kauan Lopes e Camilli Miranda, dois jovens perif\u00e9ricos que acreditam na transforma\u00e7\u00e3o pelo impacto da educa\u00e7\u00e3o.<\/p>\n\n\n\n<p>Como miss\u00e3o, o Perifluentes tem tr\u00eas objetivos: 1) combater a dificuldade financeira, trazendo pre\u00e7os mais acess\u00edveis 2) sanar a falta de hor\u00e1rio, flexibilizando as aulas de acordo com o aluno 3) criando um plano de aulas que favore\u00e7am a identifica\u00e7\u00e3o do aluno com o projeto e com a equipe.<\/p>\n\n\n\n<p><\/p>\n\n\n\n<p>Servi\u00e7o: <\/p>\n\n\n\n<p>@perifluentes<\/p>\n\n\n\n<p>Prazo de inscri\u00e7\u00e3o: 20\/03\/2025<\/p>\n\n\n\n<p>Faixa et\u00e1ria: Acima de 18 anos<\/p>\n\n\n\n<p>Link: https:\/\/www.instagram.com\/perifluentes\/<\/p>\n","protected":false},"excerpt":{"rendered":"<p>Educa\u00e7\u00e3o foto: Acervo Perifluentes Por: Lucas Oliveira At\u00e9 o dia 20 de mar\u00e7o, pessoas de baixa renda, maiores de 18 anos, t\u00eam a oportunidade de se inscrever para cursar ingl\u00eas sem sair de casa e de gra\u00e7a. A Perifluentes, escola virtual que busca democratizar o acesso ao estudo de idiomas, est\u00e1 com inscri\u00e7\u00f5es abertas para [&hellip;]<\/p>\n","protected":false},"author":10,"featured_media":1013,"comment_status":"open","ping_status":"open","sticky":false,"template":"","format":"standard","meta":{"sb_editor_width":"","footnotes":""},"categories":[26],"tags":[],"class_list":["post-1012","post","type-post","status-publish","format-standard","has-post-thumbnail","hentry","category-destaque"],"relative_dates":{"created":"1 ano ago","modified":"1 ano ago"},"_links":{"self":[{"href":"https:\/\/jornalismo.mandanoticias.com.br\/index.php\/wp-json\/wp\/v2\/posts\/1012","targetHints":{"allow":["GET"]}}],"collection":[{"href":"https:\/\/jornalismo.mandanoticias.com.br\/index.php\/wp-json\/wp\/v2\/posts"}],"about":[{"href":"https:\/\/jornalismo.mandanoticias.com.br\/index.php\/wp-json\/wp\/v2\/types\/post"}],"author":[{"embeddable":true,"href":"https:\/\/jornalismo.mandanoticias.com.br\/index.php\/wp-json\/wp\/v2\/users\/10"}],"replies":[{"embeddable":true,"href":"https:\/\/jornalismo.mandanoticias.com.br\/index.php\/wp-json\/wp\/v2\/comments?post=1012"}],"version-history":[{"count":1,"href":"https:\/\/jornalismo.mandanoticias.com.br\/index.php\/wp-json\/wp\/v2\/posts\/1012\/revisions"}],"predecessor-version":[{"id":1014,"href":"https:\/\/jornalismo.mandanoticias.com.br\/index.php\/wp-json\/wp\/v2\/posts\/1012\/revisions\/1014"}],"wp:featuredmedia":[{"embeddable":true,"href":"https:\/\/jornalismo.mandanoticias.com.br\/index.php\/wp-json\/wp\/v2\/media\/1013"}],"wp:attachment":[{"href":"https:\/\/jornalismo.mandanoticias.com.br\/index.php\/wp-json\/wp\/v2\/media?parent=1012"}],"wp:term":[{"taxonomy":"category","embeddable":true,"href":"https:\/\/jornalismo.mandanoticias.com.br\/index.php\/wp-json\/wp\/v2\/categories?post=1012"},{"taxonomy":"post_tag","embeddable":true,"href":"https:\/\/jornalismo.mandanoticias.com.br\/index.php\/wp-json\/wp\/v2\/tags?post=1012"}],"curies":[{"name":"wp","href":"https:\/\/api.w.org\/{rel}","templated":true}]}}