{"id":1004,"date":"2025-03-11T13:05:30","date_gmt":"2025-03-11T16:05:30","guid":{"rendered":"https:\/\/jornalismo.mandanoticias.com.br\/?p=1004"},"modified":"2025-03-11T13:05:30","modified_gmt":"2025-03-11T16:05:30","slug":"oficinas-artesanais-gratuitas-para-jovens-moradores-do-jardim-angela-e-regiao","status":"publish","type":"post","link":"https:\/\/jornalismo.mandanoticias.com.br\/index.php\/2025\/03\/11\/oficinas-artesanais-gratuitas-para-jovens-moradores-do-jardim-angela-e-regiao\/","title":{"rendered":"Oficinas artesanais gratuitas para jovens moradores do Jardim \u00c2ngela e regi\u00e3o"},"content":{"rendered":"\n<p><mark style=\"background-color:#ff6900\" class=\"has-inline-color\">Juventude<\/mark><\/p>\n\n\n\n<figure class=\"wp-block-image size-full is-resized\"><img fetchpriority=\"high\" decoding=\"async\" width=\"860\" height=\"860\" src=\"https:\/\/jornalismo.mandanoticias.com.br\/wp-content\/uploads\/2025\/03\/Imagem-do-WhatsApp-de-2025-03-11-as-13.02.54_010c96c4.jpg\" alt=\"\" class=\"wp-image-1005\" style=\"width:742px;height:auto\" srcset=\"https:\/\/jornalismo.mandanoticias.com.br\/wp-content\/uploads\/2025\/03\/Imagem-do-WhatsApp-de-2025-03-11-as-13.02.54_010c96c4.jpg 860w, https:\/\/jornalismo.mandanoticias.com.br\/wp-content\/uploads\/2025\/03\/Imagem-do-WhatsApp-de-2025-03-11-as-13.02.54_010c96c4-300x300.jpg 300w, https:\/\/jornalismo.mandanoticias.com.br\/wp-content\/uploads\/2025\/03\/Imagem-do-WhatsApp-de-2025-03-11-as-13.02.54_010c96c4-150x150.jpg 150w, https:\/\/jornalismo.mandanoticias.com.br\/wp-content\/uploads\/2025\/03\/Imagem-do-WhatsApp-de-2025-03-11-as-13.02.54_010c96c4-768x768.jpg 768w, https:\/\/jornalismo.mandanoticias.com.br\/wp-content\/uploads\/2025\/03\/Imagem-do-WhatsApp-de-2025-03-11-as-13.02.54_010c96c4-600x600.jpg 600w, https:\/\/jornalismo.mandanoticias.com.br\/wp-content\/uploads\/2025\/03\/Imagem-do-WhatsApp-de-2025-03-11-as-13.02.54_010c96c4-400x400.jpg 400w\" sizes=\"(max-width: 860px) 100vw, 860px\" \/><\/figure>\n\n\n\n<p class=\"has-text-align-right\"><sub>Foto: Divulga\u00e7\u00e3o <\/sub><\/p>\n\n\n\n<p><\/p>\n\n\n\n<p><em>Por Carolina Rosa<\/em><\/p>\n\n\n\n<p>O projeto Mestres do Futuro, est\u00e1 com inscri\u00e7\u00f5es abertas at\u00e9 o dia 16 de mar\u00e7o, para jovens com idade entre 15 a 21 anos, moradores do Jardim \u00c2ngela.<\/p>\n\n\n\n<p>Realizado desde 2008, a iniciativa j\u00e1 percorreu v\u00e1rias cidades do Brasil, tendo edi\u00e7\u00f5es no Par\u00e1, Maranh\u00e3o e aqui em S\u00e3o Paulo em territ\u00f3rios com a Brasil\u00e2ndia, Cidade Tiradentes, Rio Pequeno, Sapopemba, entre outros.&nbsp;<\/p>\n\n\n\n<p>O projeto visa transmitir para a juventude saberes tradicionais e ensinar a valoriza\u00e7\u00e3o do trabalho de artes\u00e3o e mestres da cultura popular. A iniciativa oferece uma s\u00e9rie de oficinas gratuitas para jovens perif\u00e9ricos moradores da zuna sul de S\u00e3o Paulo, na regi\u00e3o do Jardim \u00c2ngela e adjac\u00eancias.&nbsp;<\/p>\n\n\n\n<p>Dentre as atividades propostas, os alunos ter\u00e3o acesso a oficinas de Tecelagem em Teares, com a mestra T\u00e2nia Alves; Bonecas e Brinquedos Tradicionais, com a mestra Lilian Camargo; Moda Artesanal em Croch\u00ea e Costura, com a mestra Vera Santos; Mosaico Vivo com o mestre Ronaldo Bozz; Arte Afro-brasileira em Cer\u00e2mica, com o mestre Jair Guilherme e Maracatu, Ritmo e Identidade, com os mestres Jota Vianna e Roberta Marangoni.<\/p>\n\n\n\n<p>Todo o material \u00e9 oferecido gratuitamente aos aprendizes. Ao final das aulas, os participantes das oficinas e mestres t\u00eam a oportunidade de exibir seus trabalhos em uma exposi\u00e7\u00e3o gratuita que circula pelo pr\u00f3prio Jardim \u00c2ngela, nos meses de julho e agosto, e passa pela Caixa Cultural S\u00e3o Paulo, em setembro.<\/p>\n\n\n\n<p>\u201cAl\u00e9m da preserva\u00e7\u00e3o, difus\u00e3o e promo\u00e7\u00e3o da cultura popular local e dos saberes tradicionais, o \u201cMestres do Futuro\u201d tem a proposta de oferecer alternativas de gera\u00e7\u00e3o de renda atrav\u00e9s do empreendedorismo criativo, em contraponto \u00e0s oportunidades de trabalho no centro expandido da cidade, geralmente com baixas remunera\u00e7\u00f5es em fun\u00e7\u00e3o do pequeno grau de instru\u00e7\u00e3o formal dos jovens. Ao repassar para os jovens t\u00e9cnicas tradicionais, que podem ser aproveitadas para a cria\u00e7\u00e3o e venda de objetos contempor\u00e2neos, o projeto consegue atingir diferentes pontos para o desenvolvimento da comunidade do Jardim \u00c2ngela e da juventude que l\u00e1 vive\u201d, reflete Sonia Kavantan, idealizadora do projeto.<\/p>\n\n\n\n<div class=\"wp-block-group is-layout-constrained wp-block-group-is-layout-constrained\">\n<p class=\"has-medium-font-size\">______________<\/p>\n\n\n\n<p class=\"has-medium-font-size\"><strong>Servi\u00e7o<\/strong><\/p>\n\n\n\n<p>Mestres do Futuro Caixa &#8211; Jardim \u00c2ngela<br><strong>P\u00fablico Alvo<\/strong>: jovens de 15 a 21 anos moradores do Jardim \u00c2ngela, que estejam frequentando ou tenham finalizado o ensino m\u00e9dio prioritariamente em escolas p\u00fablicas.<br><strong>Inscri\u00e7\u00f5es pelo site:<\/strong> <a href=\"https:\/\/mestresdofuturojdangela.com.br\/\">https:\/\/mestresdofuturojdangela.com.br\/<\/a>\u00a0<br><strong>Prazo das inscri\u00e7\u00f5es: <\/strong>16\/03<\/p>\n<\/div>\n\n\n\n<p><\/p>\n","protected":false},"excerpt":{"rendered":"<p>Juventude Foto: Divulga\u00e7\u00e3o Por Carolina Rosa O projeto Mestres do Futuro, est\u00e1 com inscri\u00e7\u00f5es abertas at\u00e9 o dia 16 de mar\u00e7o, para jovens com idade entre 15 a 21 anos, moradores do Jardim \u00c2ngela. Realizado desde 2008, a iniciativa j\u00e1 percorreu v\u00e1rias cidades do Brasil, tendo edi\u00e7\u00f5es no Par\u00e1, Maranh\u00e3o e aqui em S\u00e3o Paulo [&hellip;]<\/p>\n","protected":false},"author":4,"featured_media":1005,"comment_status":"open","ping_status":"open","sticky":false,"template":"","format":"standard","meta":{"sb_editor_width":"","footnotes":""},"categories":[26,22],"tags":[],"class_list":["post-1004","post","type-post","status-publish","format-standard","has-post-thumbnail","hentry","category-destaque","category-juventudes"],"relative_dates":{"created":"1 ano ago","modified":"1 ano ago"},"_links":{"self":[{"href":"https:\/\/jornalismo.mandanoticias.com.br\/index.php\/wp-json\/wp\/v2\/posts\/1004","targetHints":{"allow":["GET"]}}],"collection":[{"href":"https:\/\/jornalismo.mandanoticias.com.br\/index.php\/wp-json\/wp\/v2\/posts"}],"about":[{"href":"https:\/\/jornalismo.mandanoticias.com.br\/index.php\/wp-json\/wp\/v2\/types\/post"}],"author":[{"embeddable":true,"href":"https:\/\/jornalismo.mandanoticias.com.br\/index.php\/wp-json\/wp\/v2\/users\/4"}],"replies":[{"embeddable":true,"href":"https:\/\/jornalismo.mandanoticias.com.br\/index.php\/wp-json\/wp\/v2\/comments?post=1004"}],"version-history":[{"count":1,"href":"https:\/\/jornalismo.mandanoticias.com.br\/index.php\/wp-json\/wp\/v2\/posts\/1004\/revisions"}],"predecessor-version":[{"id":1006,"href":"https:\/\/jornalismo.mandanoticias.com.br\/index.php\/wp-json\/wp\/v2\/posts\/1004\/revisions\/1006"}],"wp:featuredmedia":[{"embeddable":true,"href":"https:\/\/jornalismo.mandanoticias.com.br\/index.php\/wp-json\/wp\/v2\/media\/1005"}],"wp:attachment":[{"href":"https:\/\/jornalismo.mandanoticias.com.br\/index.php\/wp-json\/wp\/v2\/media?parent=1004"}],"wp:term":[{"taxonomy":"category","embeddable":true,"href":"https:\/\/jornalismo.mandanoticias.com.br\/index.php\/wp-json\/wp\/v2\/categories?post=1004"},{"taxonomy":"post_tag","embeddable":true,"href":"https:\/\/jornalismo.mandanoticias.com.br\/index.php\/wp-json\/wp\/v2\/tags?post=1004"}],"curies":[{"name":"wp","href":"https:\/\/api.w.org\/{rel}","templated":true}]}}